{"id":5915,"date":"2025-08-27T13:01:43","date_gmt":"2025-08-27T16:01:43","guid":{"rendered":"https:\/\/aguasurbanas.ei.udelar.edu.uy\/?p=5915"},"modified":"2025-10-03T23:31:46","modified_gmt":"2025-10-04T02:31:46","slug":"5915","status":"publish","type":"post","link":"https:\/\/aguasurbanas.ei.udelar.edu.uy\/index.php\/2025\/08\/27\/5915\/","title":{"rendered":""},"content":{"rendered":"\n<figure class=\"wp-block-gallery has-nested-images columns-default is-cropped wp-block-gallery-1 is-layout-flex wp-block-gallery-is-layout-flex\">\n<figure class=\"wp-block-image size-large\"><a href=\"https:\/\/aguasurbanas.ei.udelar.edu.uy\/wp-content\/uploads\/2025\/08\/Agua-y-cuidad-curso-2025-16.png\"><img loading=\"lazy\" decoding=\"async\" width=\"1024\" height=\"366\" data-id=\"5923\" src=\"https:\/\/aguasurbanas.ei.udelar.edu.uy\/wp-content\/uploads\/2025\/08\/Agua-y-cuidad-curso-2025-16-1024x366.png\" alt=\"\" class=\"wp-image-5923\" srcset=\"https:\/\/aguasurbanas.ei.udelar.edu.uy\/wp-content\/uploads\/2025\/08\/Agua-y-cuidad-curso-2025-16-1024x366.png 1024w, https:\/\/aguasurbanas.ei.udelar.edu.uy\/wp-content\/uploads\/2025\/08\/Agua-y-cuidad-curso-2025-16-300x107.png 300w, https:\/\/aguasurbanas.ei.udelar.edu.uy\/wp-content\/uploads\/2025\/08\/Agua-y-cuidad-curso-2025-16-768x274.png 768w, https:\/\/aguasurbanas.ei.udelar.edu.uy\/wp-content\/uploads\/2025\/08\/Agua-y-cuidad-curso-2025-16-1536x549.png 1536w, https:\/\/aguasurbanas.ei.udelar.edu.uy\/wp-content\/uploads\/2025\/08\/Agua-y-cuidad-curso-2025-16.png 1816w\" sizes=\"auto, (max-width: 1024px) 100vw, 1024px\" \/><\/a><\/figure>\n<\/figure>\n\n\n\n<p><strong>Curso Taller Agua Ciudad | Ciudad Agua INTERcambioS (8\u00b0 ed.) &#8220;Humedales Urbanos&#8221;<\/strong><\/p>\n\n\n\n<p><strong><mark style=\"background-color:rgba(0, 0, 0, 0)\" class=\"has-inline-color has-luminous-vivid-orange-color\">Equipo docente<\/mark><\/strong><\/p>\n\n\n\n<p><strong>Invitados internacionales<\/strong><br>Ximena Arziaga (Chile)<br>M\u00f3nica Bertolino (Argentina)<br>Osvaldo Moreno (Chile)<br>Emilia Rom\u00e1n (Espa\u00f1a)<\/p>\n\n\n\n<p><strong>Invitados nacionales<\/strong><br>Leticia D\u2019Ambrosio<br>Mariana Meerhoff<\/p>\n\n\n\n<p><strong>Docentes del N\u00facleo<\/strong><br>Jimena Alonso<br>Luis Contenti<br>Gabriela Detomasi<br>Pablo Sierra<br>Luc\u00eda Urtado<br>Alma Varela<br><br><strong>Coordinadores<\/strong><br>Adriana Piperno &#8211; Franco Teixeira de Mello<\/p>\n\n\n\n<p>El N\u00facleo Interdisciplinario Aguas Urbanas, Proyecto y Gesti\u00f3n (NAU) organiza la 8a edici\u00f3n del Curso Taller Agua Ciudad | Ciudad Agua INTERcambios, bajo el tema &#8220;Humedales Urbanos&#8221;.<\/p>\n\n\n\n<p>Est\u00e1 destinado a estudiantes avanzados de grado, de posgrado y profesionales de todas las disciplinas vinculadas a la tem\u00e1tica, <br>y personal t\u00e9cnico de instituciones y organizaciones que desarrollan tareas en humedales urbanos. Participar\u00e1n docentes e investigadores nacionales y especialistas de universidades de Chile, Espa\u00f1a y Argentina.<br>El curso se centra en la interacci\u00f3n agua-ciudad, con \u00e9nfasis en los humedales urbanos, abordando su relevancia en la adaptaci\u00f3n al cambio clim\u00e1tico y la planificaci\u00f3n urbana. Los humedales son superficies terrestres que se inundan de agua de forma estacional o permanente. Cuando se encuentran en las ciudades o pr\u00f3ximos a ellas son tradicionalmente vistos como bald\u00edos o suelo desaprovechado. En las \u00faltimas d\u00e9cadas se reconoce su importancia pero son a\u00fan incipientes las herramientas para su gesti\u00f3n. A nivel internacional se ha avanzado en teor\u00eda y pr\u00e1ctica reconociendo la relevancia de los ecosistemas, incorporando en la planificaci\u00f3n y gesti\u00f3n de las ciudades, soluciones basadas en la naturaleza (SbN).<\/p>\n\n\n\n<p><strong>Se realizar\u00e1 del 24\/10\/25 al 01\/11\/25 en Montevideo, con modalidad mixta (virtual y presencial)<\/strong><br><strong>Inscripciones del 15\/09\/25 al 02\/10\/25 <\/strong><\/p>\n\n\n\n<p><a href=\"https:\/\/www.fadu.edu.uy\/sepep\/agua-y-ciudad-humedales-urbanos\/\"><strong><mark style=\"background-color:rgba(0, 0, 0, 0)\" class=\"has-inline-color has-luminous-vivid-amber-color\">INSCRIPCIONES<\/mark>  <\/strong><\/a><\/p>\n\n\n\n<p><strong><a href=\"https:\/\/drive.google.com\/file\/d\/1n247wJ7LnxOSm4NWll8gEPiZ31uIDaPL\/view?usp=sharing\"><mark style=\"background-color:rgba(0, 0, 0, 0)\" class=\"has-inline-color has-vivid-cyan-blue-color\">PROGRAMA<\/mark> <\/a><\/strong><\/p>\n\n\n\n<p><strong><mark style=\"background-color:rgba(0, 0, 0, 0)\" class=\"has-inline-color has-luminous-vivid-orange-color\">EQUIPO DOCENTE<\/mark><\/strong><\/p>\n\n\n\n<p><strong>DOCENTES EXTRANJEROS<\/strong><\/p>\n\n\n\n<p><strong>Ximena Arziaga (Chile)<\/strong><br>Arquitecta (\u00c9cole d\u2019Architecture Paris-La Villette). Doctora en Arquitectura y Estudios Urbanos (Pontificia Universidad Cat\u00f3lica de Chile, UPPC). Mag\u00edster en Econom\u00eda Aplicada a Pol\u00edticas P\u00fablicas y Mag\u00edster en Dise\u00f1o, Planificaci\u00f3n y Gesti\u00f3n del Paisaje. Subdirectora de Investigaci\u00f3n, Innovaci\u00f3n y Desarrollo de la Escuela de Arquitectura de la UPPC. Investigadora y docente en paisaje, patrimonio y planificaci\u00f3n territorial, con enfoque en espacio p\u00fablico, vida cotidiana y \u201cambiance\u201d. Experta en planificaci\u00f3n urbana, patrimonio cultural, inserci\u00f3n de proyectos en territorios fr\u00e1giles y paisajes productivos. Ha liderado proyectos urbanos y territoriales, evaluaciones para inversi\u00f3n p\u00fablica, dise\u00f1o de modelos de gesti\u00f3n patrimonial y carteras de inversi\u00f3n.<\/p>\n\n\n\n<p><strong>Monica Bertolino (Argentina)<\/strong><br>Arquitecta. Es profesora titular en la Universidad Nacional de C\u00f3rdoba (UNC) y la Universidad Cat\u00f3lica de C\u00f3rdoba (UCC), y co-directora de la RedSur, desde donde impulsa investigaciones sobre ciudad, espacio p\u00fablico y procesos de transformaci\u00f3n urbana. Es cofundadora del Estudio Bertolino-Barrado, con obras de arquitectura, urbanismo y paisaje en Argentina y Espa\u00f1a. Fue distinguida con numerosas premiaciones, destacando el Premio Konex, el Vitruvio y premios en la BIAU, entre otros. Su trabajo se destaca por la sensibilidad hacia el paisaje, el uso de materiales y el enfoque territorial.<\/p>\n\n\n\n<p><strong>Osvaldo Moreno (Chile)<\/strong><br>Arquitecto por la Universidad de Chile y Doctor en Arquitectura y Urbanismo y Mag\u00edster en Paisaje, Medioambiente y Ciudad, Universidad Nacional de La Plata. Es Director de la Escuela de Arquitectura de la Pontificia Universidad Cat\u00f3lica de Chile, donde es Profesor Asociado con experiencia docente internacional. Investigador en infraestructura verde, soluciones basadas en la naturaleza, paisajes culturales y planificaci\u00f3n territorial. Ha liderado proyectos y recibido premios en planificaci\u00f3n urbana y rural, sostenibilidad y arquitectura del paisaje.<\/p>\n\n\n\n<p><strong>Emilia Rom\u00e1n (Espa\u00f1a)<\/strong><br>Arquitecta y Doctora Arquitecta por la UPM, M\u00e1ster en Arquitectura Bioclim\u00e1tica y experta en an\u00e1lisis urbano mediante SIG. Profesora Contratada Doctora en la ETSAM-UPM donde es Secretaria Acad\u00e9mica del Departamento de Urban\u00edstica y Ordenaci\u00f3n del Territorio. Es parte del Grupo de Investigaci\u00f3n en Arquitectura, Urbanismo y Sostenibilidad GIAU+S. Su investigaci\u00f3n se centra en paisaje, patrimonio, urbanismo, sostenibilidad y rehabilitaci\u00f3n urbana. Ha participado en proyectos internacionales y recibido premios destacando la Menci\u00f3n de Honor UPM y el Premio de Investigaci\u00f3n de la Fundaci\u00f3n Patrimonio Industrial.<\/p>\n\n\n\n<p><strong>DOCENTES NACIONALES<\/strong><\/p>\n\n\n\n<p><strong>Jimena Alonso<\/strong><br>(Montevideo, 1977). Es Ingeniera Civil perfil Hidr\u00e1ulico Ambiental con Maestr\u00eda en Mec\u00e1nica de los Fluidos Aplicada. Desde 1999 trabaja en el Departamento de Mec\u00e1nica de los Fluidos, en temas relacionados a la hidrolog\u00eda, flujos a superficie libre y erosi\u00f3n de cursos de agua.&nbsp; Candidata a Doctora en Mec\u00e1nica de los Fluidos Aplicada por la Udelar.<\/p>\n\n\n\n<p><strong>Luis Contenti<\/strong><br>Arquitecto (Udelar) y aspirante a Mag\u00edster en Paisaje, Medio Ambiente y Ciudad (FAU,UNLP). Profesor Adjunto de Licenciatura en Dise\u00f1o de Paisaje (Departamento de Territorio, Ambiente y Paisaje, CURE). Coordina la Licenciatura en Dise\u00f1o de Paisaje (LdP) por la FADU-UdelaR. Asistente del Servicio de Investigaci\u00f3n y Extensi\u00f3n (FADU). Docente responsable Teor\u00eda del Paisaje I y II (LdP). Docente de la unidad curricular Transversal 1 Sustentabilidad (carrera Arquitectura, FADU). Coordinador alterno por FADU de la LdP. Investigador del Departamento de Paisaje y Espacio P\u00fablico del Instituto de Proyecto, l\u00edneas &#8220;Articulaci\u00f3n Investigaci\u00f3n-Ense\u00f1anza&#8221; e &#8220;Infraestructuras de Paisaje&#8221;.<\/p>\n\n\n\n<p><strong>Leticia D\u00b4Ambrosio Camarero<\/strong><br>Doctora en Antropolog\u00eda Social, es Profesora G\u00b03 e investigadora en la Universidad de la Rep\u00fablica\/CURE. Se especializa en Antropolog\u00eda Mar\u00edtima y Costera, Ambiental y Ecol\u00f3gica, estudiando territorialidades, pesquer\u00edas, relaciones multiespecie y patrimonio cultural. Dirige el Centro de Investigaciones del Patrimonio Costero (CIPAC).<\/p>\n\n\n\n<p><strong>Gabriela Detomasi<\/strong><br>Arquitecta (UDELAR, 2007), Diplomada en G\u00e9nero con orientaci\u00f3n Cambio Clim\u00e1tico y Desastres (FLACSO, 2023), Especialista en Manejo Costero Integrado (UDELAR, 2024). Candidata a Mag\u00edster en Manejo Costero Integrado (UDELAR).&nbsp; Docente de FADU &#8211; UDELAR desde el a\u00f1o 2001. Integrante del Departamento de Proyectos de Arquitectura y Urbanismo en Taller Danza, y de diversos equipos docentes interdisciplinarios. Coordinadora de proyectos arquitect\u00f3nicos y urbanos, tanto en el \u00e1mbito p\u00fablico como privado, en Uruguay y M\u00e9xico (Estudio a911 Castillo-Springall).&nbsp; Asesora en el Departamento de Planificaci\u00f3n de la Intendencia de Montevideo en asuntos territoriales con foco en igualdad de g\u00e9nero interseccional y cambio clim\u00e1tico.<\/p>\n\n\n\n<p><strong>Mariana Meerhoff<\/strong><br>Doctora en Ciencias (PhD) 2006. Universidad de Aarhus, Dinamarca.,. Mag\u00edster en Ciencias Biol\u00f3gicas, opci\u00f3n Ecolog\u00eda. PEDECIBA, Uruguay. Licenciada en Ciencias Biol\u00f3gicas, orientaci\u00f3n Ecolog\u00eda. Facultad de Ciencias, Universidad de la Rep\u00fablica. Profesora Titular, efectiva G5 DT. Nivel 3 del SNI, ANII.Numersas publicaciones y premios (Premio Roberto Caldeyro Barcia en Geociencias, PEDECIBA.,2015. Premio IRPE en Limnolog\u00eda (International Recognition for Professional Excellence), dado por International Ecology Institute (ECI), Alemania.2011. Premio nacional L\u00b4Oreal-UNESCO por las Mujeres en Ciencia, Uruguay (apoyo DICyT).<\/p>\n\n\n\n<p><strong>Pablo Sierra<\/strong><br>Arquitecto, Mag\u00edster en Ordenamiento Territorial y Desarrollo Urbano (FADU-UdelaR). Actualmente Profesor Adjunto (G3), Instituto de Estudios Territoriales y Urbanos, FADU.<br>Desarrolla tareas de investigaci\u00f3n y extensi\u00f3n en aguas urbanas y gesti\u00f3n del riesgo de inundaci\u00f3n y su articulaci\u00f3n en los procesos de planificaci\u00f3n urbano-territorial. Arquitecto en la Unidad del Plan de Ordenamiento Territorial de la IM.<\/p>\n\n\n\n<p><strong>Luc\u00eda Urtado<\/strong><br>Licenciada en Gesti\u00f3n Ambiental. Asistente G2 en el CURE.&nbsp; Su especializaci\u00f3n e investigaci\u00f3n se centran en el monitoreo ambiental participativo y la gesti\u00f3n y evaluaci\u00f3n de ecosistemas acu\u00e1ticos, particularmente arroyos y lagos urbanos y el desarrollo de metodolog\u00edas y protocolos visuales<\/p>\n\n\n\n<p><strong>Alma Varela<\/strong><br>Arquitecta, Mag\u00edster en Ordenamiento Territorial y Desarrollo Urbano, Doctoranda en Arquitectura (FADU-UdelaR). Profesora Agregada G\u00ba4 del Instituto de Proyecto FADU-UdelaR e investigadora en proyectos interdisciplinarios. Su labor integra pr\u00e1ctica profesional, gesti\u00f3n p\u00fablica y academia. Varios trabajos de su co-autor\u00eda han obtenido premios en concursos de arquitectura y urbanismo y premios por innovaci\u00f3n y trabajo colaborativo.Tiene trayectoria en proyecto y gesti\u00f3n urbano-patrimonial. Coordina la Oficina del \u00c1rea Patrimonial Pocitos (Intendencia de Montevideo), que promueve la conservaci\u00f3n y valoraci\u00f3n del \u00e1rea.<\/p>\n\n\n\n<p><strong>COORDINADORES<\/strong><\/p>\n\n\n\n<p><strong>Adriana Piperno<\/strong><br>Arquitecta (Udelar). Mag\u00edster en Ordenamiento Territorial y Desarrollo Urbano, (FADU-Udelar). Profesora adjunta del Instituto de Teor\u00eda de la Arquitectura y Urbanismo (FADU-Udelar) corresponsable del equipo de investigaci\u00f3n de Aguas Urbanas y Gesti\u00f3n del Riesgo&nbsp; Ccoordinadora del Centro de Sustentabilidad y co-coordinadora del N\u00facleo Interdisciplinario Aguas Urbanas: Proyecto y Gesti\u00f3n y del curso-taller para egresados Agua-Ciudad\/Ciudad-Agua:INTERcambios . Directora&nbsp; de la Divisi\u00f3n de Inundaciones y drenaje urbano de la Direcci\u00f3n de Aguas del MA.<\/p>\n\n\n\n<p><strong>Franco Teixeira de Mello<\/strong><br>Licenciado en Ciencias Biol\u00f3gicas, orientaci\u00f3n Gesti\u00f3n Ambiental desde 2002 (Udelar). Mag\u00edster desde 2007 (Maestr\u00eda en Ciencias Ambientales, FCIEN-Udelar). Doctor en Ciencias Biol\u00f3gicas desde 2012 (Udelar-PEDECIBA). Posdoctorado en Efectos de la salinidad sobre la estructura tr\u00f3fica de lagos de 2014 (Nanjing Institute of Geography and Limnology, Chinese Academy of Sciences , China).&nbsp;&nbsp; Profesor Adjunto con dedicaci\u00f3n total en el Centro Universitario Regional Este, LGA-CURE. SNI nivel 2.&nbsp; Co.coordinador del N\u00facleo Interdisciplinario Aguas Urbanas proyecto y gesti\u00f3n<\/p>\n\n\n\n<p><\/p>\n\n\n\n<p><\/p>\n","protected":false},"excerpt":{"rendered":"<p>Curso Taller Agua Ciudad | Ciudad Agua INTERcambioS (8\u00b0 ed.) &#8220;Humedales Urbanos&#8221; Equipo docente Invitados internacionalesXimena Arziaga (Chile)M\u00f3nica Bertolino (Argentina)Osvaldo Moreno (Chile)Emilia Rom\u00e1n (Espa\u00f1a) Invitados nacionalesLeticia D\u2019AmbrosioMariana Meerhoff Docentes del N\u00facleoJimena AlonsoLuis ContentiGabriela DetomasiPablo SierraLuc\u00eda UrtadoAlma Varela CoordinadoresAdriana Piperno &#8211; Franco Teixeira de Mello El N\u00facleo Interdisciplinario Aguas Urbanas, Proyecto y Gesti\u00f3n (NAU) organiza la [&hellip;]<\/p>\n","protected":false},"author":1,"featured_media":5923,"comment_status":"closed","ping_status":"closed","sticky":true,"template":"","format":"standard","meta":{"_exactmetrics_skip_tracking":false,"_exactmetrics_sitenote_active":false,"_exactmetrics_sitenote_note":"","_exactmetrics_sitenote_category":0,"footnotes":""},"categories":[40,41,43],"tags":[],"class_list":{"0":"post-5915","1":"post","2":"type-post","3":"status-publish","4":"format-standard","5":"has-post-thumbnail","7":"category-canadas-urbanas","8":"category-cursos","9":"category-noticias","10":"czr-hentry"},"_links":{"self":[{"href":"https:\/\/aguasurbanas.ei.udelar.edu.uy\/index.php\/wp-json\/wp\/v2\/posts\/5915","targetHints":{"allow":["GET"]}}],"collection":[{"href":"https:\/\/aguasurbanas.ei.udelar.edu.uy\/index.php\/wp-json\/wp\/v2\/posts"}],"about":[{"href":"https:\/\/aguasurbanas.ei.udelar.edu.uy\/index.php\/wp-json\/wp\/v2\/types\/post"}],"author":[{"embeddable":true,"href":"https:\/\/aguasurbanas.ei.udelar.edu.uy\/index.php\/wp-json\/wp\/v2\/users\/1"}],"replies":[{"embeddable":true,"href":"https:\/\/aguasurbanas.ei.udelar.edu.uy\/index.php\/wp-json\/wp\/v2\/comments?post=5915"}],"version-history":[{"count":11,"href":"https:\/\/aguasurbanas.ei.udelar.edu.uy\/index.php\/wp-json\/wp\/v2\/posts\/5915\/revisions"}],"predecessor-version":[{"id":5932,"href":"https:\/\/aguasurbanas.ei.udelar.edu.uy\/index.php\/wp-json\/wp\/v2\/posts\/5915\/revisions\/5932"}],"wp:featuredmedia":[{"embeddable":true,"href":"https:\/\/aguasurbanas.ei.udelar.edu.uy\/index.php\/wp-json\/wp\/v2\/media\/5923"}],"wp:attachment":[{"href":"https:\/\/aguasurbanas.ei.udelar.edu.uy\/index.php\/wp-json\/wp\/v2\/media?parent=5915"}],"wp:term":[{"taxonomy":"category","embeddable":true,"href":"https:\/\/aguasurbanas.ei.udelar.edu.uy\/index.php\/wp-json\/wp\/v2\/categories?post=5915"},{"taxonomy":"post_tag","embeddable":true,"href":"https:\/\/aguasurbanas.ei.udelar.edu.uy\/index.php\/wp-json\/wp\/v2\/tags?post=5915"}],"curies":[{"name":"wp","href":"https:\/\/api.w.org\/{rel}","templated":true}]}}