{"id":5848,"date":"2025-04-23T11:09:19","date_gmt":"2025-04-23T14:09:19","guid":{"rendered":"http:\/\/www.aguasurbanas.ei.udelar.edu.uy\/?p=5848"},"modified":"2025-04-23T11:10:15","modified_gmt":"2025-04-23T14:10:15","slug":"aguas-ocultas-las-canadas-entubadas-bajo-montevideo","status":"publish","type":"post","link":"https:\/\/aguasurbanas.ei.udelar.edu.uy\/index.php\/2025\/04\/23\/aguas-ocultas-las-canadas-entubadas-bajo-montevideo\/","title":{"rendered":""},"content":{"rendered":"\n<figure class=\"wp-block-image\"><img loading=\"lazy\" decoding=\"async\" width=\"1024\" height=\"366\" src=\"https:\/\/www.aguasurbanas.ei.udelar.edu.uy\/wp-content\/uploads\/2025\/04\/Banner-mapa-entubadas-1024x366.png\" alt=\"\" class=\"wp-image-5850\" srcset=\"https:\/\/aguasurbanas.ei.udelar.edu.uy\/wp-content\/uploads\/2025\/04\/Banner-mapa-entubadas-1024x366.png 1024w, https:\/\/aguasurbanas.ei.udelar.edu.uy\/wp-content\/uploads\/2025\/04\/Banner-mapa-entubadas-300x107.png 300w, https:\/\/aguasurbanas.ei.udelar.edu.uy\/wp-content\/uploads\/2025\/04\/Banner-mapa-entubadas-768x275.png 768w, https:\/\/aguasurbanas.ei.udelar.edu.uy\/wp-content\/uploads\/2025\/04\/Banner-mapa-entubadas.png 1743w\" sizes=\"auto, (max-width: 1024px) 100vw, 1024px\" \/><\/figure>\n\n\n\n<p><strong>Aguas ocultas: las ca\u00f1adas entubadas bajo Montevideo<\/strong><\/p>\n\n\n\n<p>Este mapa elaborado por el N\u00facleo de Aguas Urbanas, visibiliza una realidad subterr\u00e1nea de Montevideo: los numerosos cursos de agua que fueron entubados durante el proceso de urbanizaci\u00f3n. Lejos de desaparecer, estos arroyos y ca\u00f1adas contin\u00faan su curso bajo nuestras calles, permaneciendo invisibles en el d\u00eda a d\u00eda. Sin embargo, su presencia se hace evidente durante las lluvias intensas, cuando la capacidad de los sistemas de drenaje se ve superada, provocando inundaciones en diversos puntos de la ciudad.<\/p>\n\n\n\n<p>El plano detalla la ubicaci\u00f3n de estos cursos enterrados, muchos de los cuales pose\u00edan nombres propios que hoy la memoria urbana ha olvidado. En contraste con esta situaci\u00f3n general, la faja costera ofrece un ejemplo diferente. All\u00ed, el arroyo del Molino se mantiene visible, integr\u00e1ndose de manera natural al paisaje junto al Parque Baroffio, mostrando una alternativa de gesti\u00f3n de los cursos de agua que prioriza su integraci\u00f3n y visibilidad en el entorno urbano. Este contraste muestra la importancia de reconsiderar la forma en que la ciudad interact\u00faa con sus aguas, especialmente en un contexto de creciente variabilidad clim\u00e1tica.<\/p>\n\n\n\n<p><a href=\"https:\/\/drive.google.com\/file\/d\/10FXrwC1e4L7Br497KAhIlPMRKXc3g_Ar\/view?usp=sharing\"><strong>DESCARGAR MAPA EN PDF AQU\u00cd <\/strong><\/a><\/p>\n\n\n\n<figure class=\"wp-block-image\"><img loading=\"lazy\" decoding=\"async\" width=\"1024\" height=\"464\" src=\"https:\/\/www.aguasurbanas.ei.udelar.edu.uy\/wp-content\/uploads\/2025\/04\/MAPA-ENTUBADAS-1024x464.jpg\" alt=\"\" class=\"wp-image-5853\" srcset=\"https:\/\/aguasurbanas.ei.udelar.edu.uy\/wp-content\/uploads\/2025\/04\/MAPA-ENTUBADAS-1024x464.jpg 1024w, https:\/\/aguasurbanas.ei.udelar.edu.uy\/wp-content\/uploads\/2025\/04\/MAPA-ENTUBADAS-300x136.jpg 300w, https:\/\/aguasurbanas.ei.udelar.edu.uy\/wp-content\/uploads\/2025\/04\/MAPA-ENTUBADAS-768x348.jpg 768w\" sizes=\"auto, (max-width: 1024px) 100vw, 1024px\" \/><\/figure>\n\n\n\n<figure class=\"wp-block-image is-resized\"><img loading=\"lazy\" decoding=\"async\" src=\"https:\/\/www.aguasurbanas.ei.udelar.edu.uy\/wp-content\/uploads\/2025\/04\/2-IMAGENES-MAPA.png\" alt=\"\" class=\"wp-image-5856\" width=\"581\" height=\"251\"\/><\/figure>\n\n\n\n<figure class=\"wp-block-image is-resized\"><img loading=\"lazy\" decoding=\"async\" src=\"https:\/\/www.aguasurbanas.ei.udelar.edu.uy\/wp-content\/uploads\/2025\/04\/3-IMAGENES-MAPA-1024x367.png\" alt=\"\" class=\"wp-image-5857\" width=\"585\" height=\"208\" srcset=\"https:\/\/aguasurbanas.ei.udelar.edu.uy\/wp-content\/uploads\/2025\/04\/3-IMAGENES-MAPA-300x107.png 300w, https:\/\/aguasurbanas.ei.udelar.edu.uy\/wp-content\/uploads\/2025\/04\/3-IMAGENES-MAPA-768x275.png 768w, https:\/\/aguasurbanas.ei.udelar.edu.uy\/wp-content\/uploads\/2025\/04\/3-IMAGENES-MAPA.png 1112w\" sizes=\"auto, (max-width: 585px) 100vw, 585px\" \/><\/figure>\n\n\n\n<div class=\"wp-block-image\"><figure class=\"alignleft is-resized\"><img loading=\"lazy\" decoding=\"async\" src=\"https:\/\/www.aguasurbanas.ei.udelar.edu.uy\/wp-content\/uploads\/2025\/04\/1-IMAGENES-MAPA.png\" alt=\"\" class=\"wp-image-5855\" width=\"584\" height=\"290\" srcset=\"https:\/\/aguasurbanas.ei.udelar.edu.uy\/wp-content\/uploads\/2025\/04\/1-IMAGENES-MAPA.png 804w, https:\/\/aguasurbanas.ei.udelar.edu.uy\/wp-content\/uploads\/2025\/04\/1-IMAGENES-MAPA-300x149.png 300w, https:\/\/aguasurbanas.ei.udelar.edu.uy\/wp-content\/uploads\/2025\/04\/1-IMAGENES-MAPA-768x382.png 768w\" sizes=\"auto, (max-width: 584px) 100vw, 584px\" \/><\/figure><\/div>\n","protected":false},"excerpt":{"rendered":"<p>Este mapa elaborado por el N\u00facleo de Aguas Urbanas, visibiliza una realidad subterr\u00e1nea de Montevideo: los numerosos cursos de agua que fueron entubados durante el proceso de urbanizaci\u00f3n. <\/p>\n","protected":false},"author":1,"featured_media":5850,"comment_status":"open","ping_status":"open","sticky":true,"template":"","format":"standard","meta":{"_exactmetrics_skip_tracking":false,"_exactmetrics_sitenote_active":false,"_exactmetrics_sitenote_note":"","_exactmetrics_sitenote_category":0,"footnotes":""},"categories":[40,43],"tags":[],"class_list":{"0":"post-5848","1":"post","2":"type-post","3":"status-publish","4":"format-standard","5":"has-post-thumbnail","7":"category-canadas-urbanas","8":"category-noticias","9":"czr-hentry"},"_links":{"self":[{"href":"https:\/\/aguasurbanas.ei.udelar.edu.uy\/index.php\/wp-json\/wp\/v2\/posts\/5848","targetHints":{"allow":["GET"]}}],"collection":[{"href":"https:\/\/aguasurbanas.ei.udelar.edu.uy\/index.php\/wp-json\/wp\/v2\/posts"}],"about":[{"href":"https:\/\/aguasurbanas.ei.udelar.edu.uy\/index.php\/wp-json\/wp\/v2\/types\/post"}],"author":[{"embeddable":true,"href":"https:\/\/aguasurbanas.ei.udelar.edu.uy\/index.php\/wp-json\/wp\/v2\/users\/1"}],"replies":[{"embeddable":true,"href":"https:\/\/aguasurbanas.ei.udelar.edu.uy\/index.php\/wp-json\/wp\/v2\/comments?post=5848"}],"version-history":[{"count":13,"href":"https:\/\/aguasurbanas.ei.udelar.edu.uy\/index.php\/wp-json\/wp\/v2\/posts\/5848\/revisions"}],"predecessor-version":[{"id":5866,"href":"https:\/\/aguasurbanas.ei.udelar.edu.uy\/index.php\/wp-json\/wp\/v2\/posts\/5848\/revisions\/5866"}],"wp:featuredmedia":[{"embeddable":true,"href":"https:\/\/aguasurbanas.ei.udelar.edu.uy\/index.php\/wp-json\/wp\/v2\/media\/5850"}],"wp:attachment":[{"href":"https:\/\/aguasurbanas.ei.udelar.edu.uy\/index.php\/wp-json\/wp\/v2\/media?parent=5848"}],"wp:term":[{"taxonomy":"category","embeddable":true,"href":"https:\/\/aguasurbanas.ei.udelar.edu.uy\/index.php\/wp-json\/wp\/v2\/categories?post=5848"},{"taxonomy":"post_tag","embeddable":true,"href":"https:\/\/aguasurbanas.ei.udelar.edu.uy\/index.php\/wp-json\/wp\/v2\/tags?post=5848"}],"curies":[{"name":"wp","href":"https:\/\/api.w.org\/{rel}","templated":true}]}}