{"id":5142,"date":"2020-11-27T12:36:33","date_gmt":"2020-11-27T15:36:33","guid":{"rendered":"http:\/\/www.aguasurbanas.ei.udelar.edu.uy\/?p=5142"},"modified":"2021-06-14T09:30:38","modified_gmt":"2021-06-14T12:30:38","slug":"casavalle-revalorizacion-de-la-cuenca","status":"publish","type":"post","link":"https:\/\/aguasurbanas.ei.udelar.edu.uy\/index.php\/2020\/11\/27\/casavalle-revalorizacion-de-la-cuenca\/","title":{"rendered":"Proyecto estudiantil | Casavalle: revalorizaci\u00f3n de la cuenca"},"content":{"rendered":"\n<ul class=\"wp-block-gallery columns-1 is-cropped wp-block-gallery-1 is-layout-flex wp-block-gallery-is-layout-flex\"><li class=\"blocks-gallery-item\"><figure><img loading=\"lazy\" decoding=\"async\" width=\"1024\" height=\"464\" src=\"https:\/\/www.aguasurbanas.ei.udelar.edu.uy\/wp-content\/uploads\/2020\/11\/fm-cc-0116-e_orig-1-1024x464.jpg\" alt=\"\" data-id=\"5148\" data-link=\"https:\/\/www.aguasurbanas.ei.udelar.edu.uy\/?attachment_id=5148\" class=\"wp-image-5148\" srcset=\"https:\/\/aguasurbanas.ei.udelar.edu.uy\/wp-content\/uploads\/2020\/11\/fm-cc-0116-e_orig-1-1024x464.jpg 1024w, https:\/\/aguasurbanas.ei.udelar.edu.uy\/wp-content\/uploads\/2020\/11\/fm-cc-0116-e_orig-1-300x136.jpg 300w, https:\/\/aguasurbanas.ei.udelar.edu.uy\/wp-content\/uploads\/2020\/11\/fm-cc-0116-e_orig-1-768x348.jpg 768w, https:\/\/aguasurbanas.ei.udelar.edu.uy\/wp-content\/uploads\/2020\/11\/fm-cc-0116-e_orig-1.jpg 1100w\" sizes=\"auto, (max-width: 1024px) 100vw, 1024px\" \/><\/figure><\/li><\/ul>\n\n\n\n<p><strong>Este proyecto obtuvo el segundo premio en la categor\u00eda <em>trabajos de estudiantes<\/em> en la Bienal de Arquitectura de Costa Rica (Arquitectura, Agua, Vida)<\/strong><\/p>\n\n\n\n<p>La zona del proyecto est\u00e1 ubicada en la periferia de Montevideo, conformada por varios barrios establecidos a lo largo de las d\u00e9cadas. En la actualidad coexisten asentamientos irregulares, realojos y cooperativas de vivienda. Es una zona donde hay carencias de distinta \u00edndole: falta de espacios p\u00fablicos e infraestructura adecuada, inseguridad, problem\u00e1tica de inundaciones en periodos lluviosos, etc.<\/p>\n\n\n\n<p>El uso del suelo en su mayor\u00eda es residencial, pero tambi\u00e9n podemos encontrar varias actividades comerciales, educativas y culturales, donde predominan los centros de educaci\u00f3n inicial, primaria y secundaria, de esto se desprende una poblaci\u00f3n activa en esta zona de 0 a 18 a\u00f1os. Estas actividades se encuentran concentradas en varios ejes estructuradores teniendo un car\u00e1cter natural paisaj\u00edstico \u2013 debido a su perfil vial &#8211; que pueden ser potencialmente transformables en espacios p\u00fablicos de uso colectivo.<\/p>\n\n\n\n<p>La zona a intervenir est\u00e1 delimitada por la cuenca y los m\u00e1rgenes de la Ca\u00f1ada Iyui, la cual desemboca en el Arroyo Miguelete, siendo el mismo el eje articulador y paisaj\u00edstico.<\/p>\n\n\n\n<p>El proyecto surge con el prop\u00f3sito de generar infraestructuras orientadas al manejo de drenajes y microdrenajes con la finalidad de aliviar la problem\u00e1tica de inundaciones, y a su vez, potenciando el incremento de biodiversidad y microclimas dando como resultado espacio p\u00fablico de calidad.<\/p>\n\n\n\n<p>A trav\u00e9s de un estudio de distintos puntos en la cuenca, se hizo una comparaci\u00f3n de los perfiles viales, de las oportunidades y de las problem\u00e1ticas en cada uno de ellos, resultando en la elecci\u00f3n de dos puntos: el primero un gran espacio residual con potencial h\u00eddrico donde se intersectan dos de los ejes estructuradores y por ende, una zona de gran concurrencia, y el segundo con un marcado perfil natural con caracter\u00edsticas adecuadas para la relentizaci\u00f3n de aguas.<\/p>\n\n\n\n<p><strong>ESTRATEGIA<\/strong><\/p>\n\n\n\n<p>Revalorizaci\u00f3n de la cuenca a trav\u00e9s de distintos dispositivos de relentizaci\u00f3n, amortiguaci\u00f3n y retenci\u00f3n. En consecuencia, la ca\u00f1ada a \u201ccielo abierto\u201d es el nodo principal y v\u00ednculo de car\u00e1cter positivo de uni\u00f3n vecinal.<\/p>\n\n\n\n<p>Se crea entonces una red nodal zonal de actividades dando lugar a diferentes percepciones con respecto al agua: agua que escurre, agua que cae, agua que est\u00e1 estancada.<\/p>\n\n\n\n<p>De estas caracter\u00edsticas se desprende el v\u00ednculo que existe entre flora y cuenca brindando a los a los espacios distintos grados de intimidad para las diferentes actividades.<\/p>\n\n\n\n<p>Este proyecto fue desarrollado en el curso Proyecto Tema Espec\u00edfico \u2013 Arquitectura del Paisaje del Taller Articardi en su edici\u00f3n del segundo semestre de 2019, cuyo dictado se realiz\u00f3 en articulaci\u00f3n con el equipo FADU en Casavalle y cont\u00f3 con el apoyo de los grupos Aguas Urbanas (ITU) y Clima y Confort en Arquitectura (IC).<\/p>\n\n\n\n                    <style>\n                                            .flickr-img-responsive {\n                            width:100% !important;\n                            height:auto !important;\n                            display:block !important;\n                        }\n                        .LoadingImg img {\n                            max-width: 45px;\n                            max-height: 45px;\n                            box-shadow: none;\n                        }\n                        .wpfrank-flickr-div{\n                            padding:15px;\n                        }\n                        @media (max-width: 786px){\n                            .col-md-3 {\n                                width:49.9%;\n                                float:left;\n                            }\n                        }\n                        .play-pause {\n                            display: none !important;\n                        }\n                        .gallery5149 {\n                            overflow:hidden;\n                            clear: both;\n                        }\n                        .fnf{\n                            background-color: #a92929;\n                            border-radius: 5px;\n                            color: #fff;\n                            font-family: initial;\n                            text-align: center;\n                            padding:12px;\n                        }\n                    <\/style>\n                    <script type=\"text\/javascript\">\n                    jQuery(function() {\n                        jQuery('.gallery-5149').flickr({\n                            apiKey: '037c012784565c3b5691cc5a0aa912b7',\n                            photosetId: '72157717063708963'\n                        });\n                    });\n\n                    ;(function ($, window, document, undefined) {\n                        'use strict';\n                        var pluginName = \"flickr\",\n                            defaults = {\n                                apiKey: \"\",\n                                photosetId: \"\",\n                                errorText: \"<div class='fnf'><i class='far fa-times-circle'><\/i> Error generating gallery.<\/div>\",\n                                loadingSpeed: 38,\n                                photosLimit: 200\n                            },\n                            apiUrl = 'https:\/\/api.flickr.com\/services\/rest\/',\n                            photos = [];\n\n                        function Plugin(element, options) {\n                            this.element = $(element);\n                            this.settings = $.extend({}, defaults, options);\n                            this._defaults = defaults;\n                            this._name = pluginName;\n\n                            this._hideSpinner = function() {\n                                this.element.find('.spinner-wrapper').hide().find('*').hide();\n                            };\n\n                            this._printError = function() {\n                                this.element.find('.gallery-container').append($(\"<div><\/div>\", { \"class\": \"col-lg-12\" })\n                                    .append($(\"<div><\/div>\", { \"class\": \"error-wrapper\" })\n                                        .append($(\"<span><\/span>\", { \"class\": \"label label-danger error\" })\n                                            .html(this.settings.errorText))));\n                            };\n\n                            this._flickrAnimate = function() {\n                                this.element.find('.gallery-container img').each($.proxy(function(index, el) {\n                                    var image = el;\n                                    setTimeout(function() {\n                                        $(image).parent().fadeIn();\n                                    }, this.settings.loadingSpeed * index);\n                                }, this));\n                            };\n\n                            this._printGallery = function(photos) {\n                                var element = this.element.find('.gallery-container');\n                                if (!photos || photos.length === 0) {\n                                    this._hideSpinner();\n                                    this._printError();\n                                    return;\n                                }\n                                $.each(photos, function(key, photo) {\n                                    if (!photo || !photo.thumbnail) return; \/\/ Skip undefined or invalid photos\n                                    var img = $('<img>', { 'class': 'thumb img-thumbnail flickr-img-responsive', src: photo.thumbnail, 'alt': photo.title });\n                                    element.append($('<div><\/div>', { 'class': ' col-md-3 col-sm-4 col-center wpfrank-flickr-div' })\n                                        .append($('<a><\/a>', { 'class': '', href: photo.href, 'data-gallery': '', 'title': photo.title }).hide()\n                                            .append(img)));\n                                });\n\n                                element.imagesLoaded()\n                                    .done($.proxy(this._flickrAnimate, this))\n                                    .always($.proxy(this._hideSpinner, this));\n                            };\n\n                            this._flickrPhotoset = function(photoset) {\n                                var _this = this;\n                                photos[photoset.id] = [];\n                                $.each(photoset.photo, function(key, photo) {\n                                    if (photo.media !== \"photo\") {\n                                        return true; \/\/ Skip videos\n                                    }\n                                    if (key >= _this.settings.photosLimit) {\n                                        return false;\n                                    }\n                                    photos[photoset.id][key] = {\n                                        thumbnail: 'https:\/\/farm' + photo.farm + '.static.flickr.com\/' + photo.server + '\/' + photo.id + '_' + photo.secret + '_q.jpg',\n                                        href: 'https:\/\/farm' + photo.farm + '.static.flickr.com\/' + photo.server + '\/' + photo.id + '_' + photo.secret + '_b.jpg',\n                                        title: photo.title\n                                    };\n                                });\n\n                                console.log('Filtered photos:', photos[photoset.id]); \/\/ Debug log\n                                if (photos[photoset.id].length > 0) {\n                                    this._printGallery(photos[photoset.id]);\n                                } else {\n                                    this._hideSpinner();\n                                    this._printError();\n                                }\n                            };\n\n                            this._onFlickrResponse = function(response) {\n                                console.log('API Response:', response); \/\/ Debug log\n                                if (response.stat === \"ok\") {\n                                    this._flickrPhotoset(response.photoset);\n                                } else {\n                                    this._hideSpinner();\n                                    this._printError();\n                                }\n                            };\n\n                            this._flickrRequest = function(method, data) {\n                                var url = apiUrl + \"?format=json&jsoncallback=?&method=\" + method + \"&api_key=\" + this.settings.apiKey;\n                                $.each(data, function(key, value) {\n                                    url += \"&\" + key + \"=\" + value;\n                                });\n\n                                $.ajax({\n                                    dataType: \"json\",\n                                    url: url,\n                                    context: this,\n                                    success: this._onFlickrResponse\n                                });\n                            };\n\n                            this._flickrInit = function () {\n                                this._flickrRequest('flickr.photosets.getPhotos', {\n                                    photoset_id: this.settings.photosetId,\n                                    extras: 'media'\n                                });\n                            };\n\n                            this.init();\n                        }\n\n                        Plugin.prototype = {\n                            init: function () {\n                                this._flickrInit();\n                            }\n                        };\n\n                        $.fn[pluginName] = function (options) {\n                            this.each(function () {\n                                if (!$.data(this, \"plugin_\" + pluginName)) {\n                                    $.data(this, \"plugin_\" + pluginName, new Plugin(this, options));\n                                }\n                            });\n                            return this;\n                        };\n                    })(jQuery, window, document);\n                    <\/script>\n                    <div class=\"gallery-5149\">\n                                                    <h3>Proyecto estudiantil | Casavalle: revalorizaci\u00f3n de la cuenca<\/h3>\n                                                <div class=\"row\">\n                            <div class=\"col-xs-12 spinner-wrapper\">\n                                <div class=\"LoadingImg\"><img decoding=\"async\" src=\"https:\/\/aguasurbanas.ei.udelar.edu.uy\/wp-content\/plugins\/flickr-album-gallery\/img\/loading.gif\" \/><\/div>\n                            <\/div>\n                            <div align=\"center\" class=\"gallery-container\"><\/div>\n                        <\/div>\n                    <\/div>\n                    \n            <!-- Blueimp gallery -->\n            <div id=\"blueimp-gallery-5149\" class=\"blueimp-gallery blueimp-gallery-controls\">\n                <div class=\"slides\"><\/div>\n                <h3 class=\"title\"><\/h3>\n                <a class=\"prev\">\u2039<\/a>\n                <a class=\"next\">\u203a<\/a>\n                <a class=\"close\">\u00d7<\/a>\n                <a class=\"play-pause\"><\/a>\n                <ol class=\"indicator\"><\/ol>\n                <div class=\"modal fade\">\n                    <div class=\"modal-dialog\">\n                        <div class=\"modal-content\">\n                            <div class=\"modal-header\">\n                                <button type=\"button\" class=\"close\" aria-hidden=\"true\">\u00d7<\/button>\n                                <h4 class=\"modal-title\"><\/h4>\n                            <\/div>\n                            <div class=\"modal-body next\"><\/div>\n                            <div class=\"modal-footer\">\n                                <button type=\"button\" class=\"btn btn-default pull-left prev\">\n                                    <i class=\"glyphicon glyphicon-chevron-left\"><\/i>\n                                    Previous                                <\/button>\n                                <button type=\"button\" class=\"btn btn-primary next\">\n                                    Next                                    <i class=\"glyphicon glyphicon-chevron-right\"><\/i>\n                                <\/button>\n                            <\/div>\n                        <\/div>\n                    <\/div>\n                <\/div>\n            <\/div>\n\n            <script type=\"text\/javascript\">\n            jQuery(function() {\n                jQuery.extend(blueimp.Gallery.prototype.options, {\n                    useBootstrapModal: false,\n                    hidePageScrollbars: false,\n                    container: \"#blueimp-gallery-5149\",\n                });\n            });\n            <\/script>\n\n            \n\n\n\n<p style=\"color:#008080\" class=\"has-text-color\"><strong><a href=\"https:\/\/www.bienalcostarica.com\/e-cc-0116.html\" target=\"_blank\" rel=\"noreferrer noopener\" aria-label=\"M\u00e1s informaci\u00f3n (abre en una nueva pesta\u00f1a)\">M\u00e1s informaci\u00f3n<\/a><\/strong><\/p>\n\n\n\n<p class=\"has-small-font-size\"><strong>Autoras: Natal\u00ed Joanna Gallo Bacardac, Noelia Piedra R\u00edos<br>Proyecto Tema Espec\u00edfico \u2013 Arquitectura del Paisaje, Taller Articardi, 2019<\/strong><br><\/p>\n","protected":false},"excerpt":{"rendered":"<p>Este proyecto obtuvo el segundo premio en la categor\u00eda trabajos de estudiantes en la Bienal de Arquitectura de Costa Rica (Arquitectura, Agua, Vida) La zona del proyecto est\u00e1 ubicada en la periferia de Montevideo, conformada por varios barrios establecidos a lo largo de las d\u00e9cadas. En la actualidad coexisten asentamientos irregulares, realojos y cooperativas de [&hellip;]<\/p>\n","protected":false},"author":1,"featured_media":5144,"comment_status":"open","ping_status":"open","sticky":false,"template":"","format":"standard","meta":{"_exactmetrics_skip_tracking":false,"_exactmetrics_sitenote_active":false,"_exactmetrics_sitenote_note":"","_exactmetrics_sitenote_category":0,"footnotes":""},"categories":[49,43],"tags":[],"class_list":{"0":"post-5142","1":"post","2":"type-post","3":"status-publish","4":"format-standard","5":"has-post-thumbnail","7":"category-exploraciones","8":"category-noticias","9":"czr-hentry"},"_links":{"self":[{"href":"https:\/\/aguasurbanas.ei.udelar.edu.uy\/index.php\/wp-json\/wp\/v2\/posts\/5142","targetHints":{"allow":["GET"]}}],"collection":[{"href":"https:\/\/aguasurbanas.ei.udelar.edu.uy\/index.php\/wp-json\/wp\/v2\/posts"}],"about":[{"href":"https:\/\/aguasurbanas.ei.udelar.edu.uy\/index.php\/wp-json\/wp\/v2\/types\/post"}],"author":[{"embeddable":true,"href":"https:\/\/aguasurbanas.ei.udelar.edu.uy\/index.php\/wp-json\/wp\/v2\/users\/1"}],"replies":[{"embeddable":true,"href":"https:\/\/aguasurbanas.ei.udelar.edu.uy\/index.php\/wp-json\/wp\/v2\/comments?post=5142"}],"version-history":[{"count":6,"href":"https:\/\/aguasurbanas.ei.udelar.edu.uy\/index.php\/wp-json\/wp\/v2\/posts\/5142\/revisions"}],"predecessor-version":[{"id":5165,"href":"https:\/\/aguasurbanas.ei.udelar.edu.uy\/index.php\/wp-json\/wp\/v2\/posts\/5142\/revisions\/5165"}],"wp:featuredmedia":[{"embeddable":true,"href":"https:\/\/aguasurbanas.ei.udelar.edu.uy\/index.php\/wp-json\/wp\/v2\/media\/5144"}],"wp:attachment":[{"href":"https:\/\/aguasurbanas.ei.udelar.edu.uy\/index.php\/wp-json\/wp\/v2\/media?parent=5142"}],"wp:term":[{"taxonomy":"category","embeddable":true,"href":"https:\/\/aguasurbanas.ei.udelar.edu.uy\/index.php\/wp-json\/wp\/v2\/categories?post=5142"},{"taxonomy":"post_tag","embeddable":true,"href":"https:\/\/aguasurbanas.ei.udelar.edu.uy\/index.php\/wp-json\/wp\/v2\/tags?post=5142"}],"curies":[{"name":"wp","href":"https:\/\/api.w.org\/{rel}","templated":true}]}}