{"id":5121,"date":"2020-11-05T12:46:52","date_gmt":"2020-11-05T15:46:52","guid":{"rendered":"http:\/\/www.aguasurbanas.ei.udelar.edu.uy\/?p=5121"},"modified":"2021-09-27T17:42:54","modified_gmt":"2021-09-27T20:42:54","slug":"5121","status":"publish","type":"post","link":"https:\/\/aguasurbanas.ei.udelar.edu.uy\/index.php\/2020\/11\/05\/5121\/","title":{"rendered":"Registro del cambio 2020"},"content":{"rendered":"\n<figure class=\"wp-block-image\"><img loading=\"lazy\" decoding=\"async\" width=\"870\" height=\"310\" src=\"http:\/\/www.aguasurbanas.ei.udelar.edu.uy\/wp-content\/uploads\/2020\/11\/Registro-del-cambio-1-cabeza-2da-etapa-chico.jpg\" alt=\"\" class=\"wp-image-5125\" srcset=\"https:\/\/aguasurbanas.ei.udelar.edu.uy\/wp-content\/uploads\/2020\/11\/Registro-del-cambio-1-cabeza-2da-etapa-chico.jpg 870w, https:\/\/aguasurbanas.ei.udelar.edu.uy\/wp-content\/uploads\/2020\/11\/Registro-del-cambio-1-cabeza-2da-etapa-chico-300x107.jpg 300w, https:\/\/aguasurbanas.ei.udelar.edu.uy\/wp-content\/uploads\/2020\/11\/Registro-del-cambio-1-cabeza-2da-etapa-chico-768x274.jpg 768w\" sizes=\"auto, (max-width: 870px) 100vw, 870px\" \/><\/figure>\n\n\n\n<h3 class=\"wp-block-heading\"><strong>&gt;&gt; LLAMADO A PRESENTACI\u00d3N DE TRABAJOS Y TESIS DE GRADO, POSGRADO, EXTENSI\u00d3N E INVESTIGACI\u00d3N<\/strong><\/h3>\n\n\n\n<hr class=\"wp-block-separator\"\/>\n\n\n\n<p><strong>CONTEXTO \/<\/strong>&nbsp;Todos los semestres, se produce un enorme volumen de proyectos y trabajos en los \u00e1mbitos de todas las carreras de FADU y se concluyen tesis de investigaci\u00f3n. Estos trabajos dan cuenta del involucramiento de estudiantes, docentes e investigadores con los temas de la agenda contempor\u00e1nea desde la \u00f3ptica de las disciplinas del dise\u00f1o.<\/p>\n\n\n\n<p>A partir de las respuestas recibidas en la&nbsp;<a href=\"https:\/\/adapta.fadu.edu.uy\/convocatoria-abierta\/\" target=\"_blank\" rel=\"noreferrer noopener\">etapa 01<\/a>, el equipo de Ad@pta FADU contactar\u00e1 a los \u00e1mbitos interesados y realizar\u00e1 entre ellos un llamado para construir un registro virtual de proyectos y trabajos de grado, posgrado, extensi\u00f3n e investigaci\u00f3n, que tengan como foco de estudio la sustentabilidad.<\/p>\n\n\n\n<p><strong>OBJETIVO \/<\/strong>&nbsp;El registro virtual ser\u00e1 un repositorio de proyectos, de trabajos te\u00f3ricos y pr\u00e1cticos vinculados a cursos y de tesis de investigaci\u00f3n realizadas por estudiantes, docentes e investigadores que se podr\u00e1n filtrar por carrera o programa, \u00e1rea o instituto, curso y a\u00f1o de realizaci\u00f3n o realizar una b\u00fasqueda por palabras clave.<\/p>\n\n\n\n<p><strong>Esto permitir\u00e1 visualizar los trabajos seg\u00fan los intereses de la persona que navega en el registro y ser\u00e1 \u00fatil para encontrar de forma \u00e1gil las l\u00edneas de trabajo comunes.<\/strong><\/p>\n\n\n\n<p><strong>A su vez, los trabajos ser\u00e1n objeto de una relator\u00eda a cargo de un invitado internacional e invitados nacionales cuyos nombres se comunicar\u00e1n m\u00e1s adelante.<\/strong><\/p>\n\n\n\n<p>El registro virtual de proyectos ser\u00e1 p\u00fablico y estar\u00e1 disponible en la web de Ad@pta FADU.<\/p>\n\n\n\n<p><strong>PARA PARTICIPAR \/<\/strong>&nbsp;Los coordinadores o integrantes de los cursos de grado, posgrado, extensi\u00f3n e institutos, tendr\u00e1n que elegir hasta un m\u00e1ximo de 10 proyectos o trabajos de investigaci\u00f3n destacados realizados hasta el a\u00f1o 2020 inclusive e ingresarlos al registro a trav\u00e9s del formulario disponible a continuaci\u00f3n.<\/p>\n\n\n\n<p style=\"color:#008080\" class=\"has-text-color\"><a href=\"https:\/\/adapta.fadu.edu.uy\/wp-content\/uploads\/2020\/10\/V09_Brief-Adapta-FADU.pdf\" target=\"_blank\" rel=\"noreferrer noopener\">Descargar Brief<\/a><\/p>\n\n\n\n<p style=\"color:#008080\" class=\"has-text-color\"><strong>La fecha l\u00edmite para la recepci\u00f3n de los proyectos y\/o trabajos de investigaci\u00f3n es el lunes 09 de noviembre de 2020 a las 23:59hs.<\/strong><\/p>\n\n\n\n<p>Se recibir\u00e1n consultas a adapta@fadu.edu.uy<\/p>\n\n\n\n<p style=\"color:#008080\" class=\"has-text-color\"><a href=\"https:\/\/adapta.fadu.edu.uy\/convocatoria-abierta-2\/\">M\u00e1s informaci\u00f3n<\/a><\/p>\n","protected":false},"excerpt":{"rendered":"<p>&gt;&gt; LLAMADO A PRESENTACI\u00d3N DE TRABAJOS Y TESIS DE GRADO, POSGRADO, EXTENSI\u00d3N E INVESTIGACI\u00d3N CONTEXTO \/&nbsp;Todos los semestres, se produce un enorme volumen de proyectos y trabajos en los \u00e1mbitos de todas las carreras de FADU y se concluyen tesis de investigaci\u00f3n. Estos trabajos dan cuenta del involucramiento de estudiantes, docentes e investigadores con los [&hellip;]<\/p>\n","protected":false},"author":1,"featured_media":5122,"comment_status":"open","ping_status":"open","sticky":false,"template":"","format":"standard","meta":{"_exactmetrics_skip_tracking":false,"_exactmetrics_sitenote_active":false,"_exactmetrics_sitenote_note":"","_exactmetrics_sitenote_category":0,"footnotes":""},"categories":[43],"tags":[],"class_list":{"0":"post-5121","1":"post","2":"type-post","3":"status-publish","4":"format-standard","5":"has-post-thumbnail","7":"category-noticias","8":"czr-hentry"},"_links":{"self":[{"href":"https:\/\/aguasurbanas.ei.udelar.edu.uy\/index.php\/wp-json\/wp\/v2\/posts\/5121","targetHints":{"allow":["GET"]}}],"collection":[{"href":"https:\/\/aguasurbanas.ei.udelar.edu.uy\/index.php\/wp-json\/wp\/v2\/posts"}],"about":[{"href":"https:\/\/aguasurbanas.ei.udelar.edu.uy\/index.php\/wp-json\/wp\/v2\/types\/post"}],"author":[{"embeddable":true,"href":"https:\/\/aguasurbanas.ei.udelar.edu.uy\/index.php\/wp-json\/wp\/v2\/users\/1"}],"replies":[{"embeddable":true,"href":"https:\/\/aguasurbanas.ei.udelar.edu.uy\/index.php\/wp-json\/wp\/v2\/comments?post=5121"}],"version-history":[{"count":5,"href":"https:\/\/aguasurbanas.ei.udelar.edu.uy\/index.php\/wp-json\/wp\/v2\/posts\/5121\/revisions"}],"predecessor-version":[{"id":5261,"href":"https:\/\/aguasurbanas.ei.udelar.edu.uy\/index.php\/wp-json\/wp\/v2\/posts\/5121\/revisions\/5261"}],"wp:featuredmedia":[{"embeddable":true,"href":"https:\/\/aguasurbanas.ei.udelar.edu.uy\/index.php\/wp-json\/wp\/v2\/media\/5122"}],"wp:attachment":[{"href":"https:\/\/aguasurbanas.ei.udelar.edu.uy\/index.php\/wp-json\/wp\/v2\/media?parent=5121"}],"wp:term":[{"taxonomy":"category","embeddable":true,"href":"https:\/\/aguasurbanas.ei.udelar.edu.uy\/index.php\/wp-json\/wp\/v2\/categories?post=5121"},{"taxonomy":"post_tag","embeddable":true,"href":"https:\/\/aguasurbanas.ei.udelar.edu.uy\/index.php\/wp-json\/wp\/v2\/tags?post=5121"}],"curies":[{"name":"wp","href":"https:\/\/api.w.org\/{rel}","templated":true}]}}