{"id":5111,"date":"2020-11-06T13:45:16","date_gmt":"2020-11-06T16:45:16","guid":{"rendered":"http:\/\/www.aguasurbanas.ei.udelar.edu.uy\/?p=5111"},"modified":"2020-11-27T12:51:58","modified_gmt":"2020-11-27T15:51:58","slug":"curso-agua-ciudad-ciudad-agua-intercambios-6ta-edicion","status":"publish","type":"post","link":"https:\/\/aguasurbanas.ei.udelar.edu.uy\/index.php\/2020\/11\/06\/curso-agua-ciudad-ciudad-agua-intercambios-6ta-edicion\/","title":{"rendered":"Curso Agua Ciudad | Ciudad Agua INTERcambios 6ta edici\u00f3n"},"content":{"rendered":"\n<figure class=\"wp-block-image\"><img loading=\"lazy\" decoding=\"async\" width=\"870\" height=\"310\" src=\"http:\/\/www.aguasurbanas.ei.udelar.edu.uy\/wp-content\/uploads\/2020\/11\/Afiche-Agua-Ciudad-2020-webaguas-1.jpg\" alt=\"\" class=\"wp-image-5115\" srcset=\"https:\/\/aguasurbanas.ei.udelar.edu.uy\/wp-content\/uploads\/2020\/11\/Afiche-Agua-Ciudad-2020-webaguas-1.jpg 870w, https:\/\/aguasurbanas.ei.udelar.edu.uy\/wp-content\/uploads\/2020\/11\/Afiche-Agua-Ciudad-2020-webaguas-1-300x107.jpg 300w, https:\/\/aguasurbanas.ei.udelar.edu.uy\/wp-content\/uploads\/2020\/11\/Afiche-Agua-Ciudad-2020-webaguas-1-768x274.jpg 768w\" sizes=\"auto, (max-width: 870px) 100vw, 870px\" \/><\/figure>\n\n\n\n<p>El N\u00facleo Aguas Urbanas, Proyecto y Gesti\u00f3n extiende la invitaci\u00f3n a la 6ta edici\u00f3n del <strong>Curso Taller Agua Ciudad | Ciudad Agua INTERcambios<\/strong> que tendr\u00e1 lugar del <strong>16 al 23 de noviembre<\/strong> del corriente a\u00f1o, en modalidad mixta: v\u00eda plataforma zoom y semipresencial, en la Sede Payasand\u00fa del CENUR Litoral Norte, Udelar.<\/p>\n\n\n\n<p>La gesti\u00f3n del agua es uno de los determinantes de la calidad de vida de las ciudades. La comprensi\u00f3n de la relaci\u00f3n agua-ciudad, as\u00ed como el dise\u00f1o de metodolog\u00edas integrales para abordar las diferentes problem\u00e1ticas emergentes requiere profundizar en la interacci\u00f3n entre diferentes saberes y metodolog\u00edas disciplinares. El <em>entrenamiento<\/em>&nbsp;en esta interacci\u00f3n es un aspecto no frecuentado en las diferentes formaciones espec\u00edficas.<br><\/p>\n\n\n\n<p><strong>OBJETIVOS DEL CURSO<\/strong><br><br>Avanzar en la construcci\u00f3n de un camino com\u00fan de trabajo interdisciplinario de la interacci\u00f3n agua-ciudad dando elementos para:<br><br>&gt; tener un conocimiento general del y de los subsistemas objetos de an\u00e1lisis;<br>&gt; identificar los aportes desde cada disciplina -tanto en la gesti\u00f3n como en los nichos de investigaci\u00f3n e innovaci\u00f3n disciplinar que se generan;<br>&gt; conocer cu\u00e1les son las \u00e1reas objeto de estudio de las otras disciplinas involucradas, alcances y metodolog\u00edas de trabajo;<br>&gt; descubrir de manera conjunta nichos interdisciplinares de generaci\u00f3n de conocimiento nuevo.<br><\/p>\n\n\n\n<p><strong>TEM\u00c1TICAS DEL CURSO<\/strong><\/p>\n\n\n\n<p><strong>Modulo conceptual<\/strong><br><br>1- Conceptualizaci\u00f3n de la relaci\u00f3n agua-ciudad<br>2- Conceptos b\u00e1sicos de hidrolog\u00eda urbana<br>3-Marco de referencia b\u00e1sico para el an\u00e1lisis de sistemas complejos, combinaci\u00f3n de enfoques reduccionistas y hol\u00edsticos, combinaci\u00f3n de conocimientos y saberes<br>4- Ecolog\u00eda de sistemas acu\u00e1ticos. <br>5- Ordenamiento Territorial. Modalidades de estructuraci\u00f3n y planificaci\u00f3n del territorio. El dise\u00f1o urbano y paisaj\u00edstico en la calificaci\u00f3n urbana Intervenciones proyectuales en interfaces. La problem\u00e1tica de los residuos s\u00f3lidos<br>6- Introducci\u00f3n a la calidad de agua. Monitoreo de sistemas acu\u00e1ticos urbanos. Experiencias de evaluaci\u00f3n de calidad de agua urbana. <br>7- Presentaci\u00f3n de experiencias locales: Proyectos en \u00e1reas inundables. NAP Ciudades. Proyecto de investigaci\u00f3n  arroyo La Curtiembre<\/p>\n\n\n\n<p><br><strong>Modulo proyectual<\/strong><br><br>Se trabajara en un sistema de la ciudad de Paysand\u00fa con condicionantes ambientales, de gesti\u00f3n, territoriales e hidrol\u00f3gicas particulares que evidencian procesos diferentes y habilitan la retroalimentaci\u00f3n reflexiva en torno a los procesos de transformaci\u00f3n y gesti\u00f3n. Se tomar\u00e1 como caso de estudio la ca\u00f1adas La Curtiembre, en la que el N\u00facleo Interdisciplinario Aguas Urbanas posee antecedentes de trabajo. Se trabajar\u00e1 en grupos interdisciplinarios en la aplicaci\u00f3n y el desarrollo de respuestas proyectuales vinculadas a las tem\u00e1ticas del curso.<\/p>\n\n\n\n<p>En el cierre del curso se realizar\u00e1 la presentaci\u00f3n de los diferentes trabajos y su discusi\u00f3n en el marco de los conceptos desarrollados as\u00ed como sobre las potencialidades y desaf\u00edos del enfoque y trabajo interdisciplinario a la hora de estudiar el agua en la ciudad.<\/p>\n\n\n\n<p style=\"color:#008080\" class=\"has-text-color\"><strong><a href=\"https:\/\/drive.google.com\/file\/d\/1CztbinQI7eBtlujIrN7bJvEWxBnSALQ9\/view?usp=sharing\">&gt; Consultar Programa<\/a><\/strong><\/p>\n\n\n\n<p><strong>EQUIPO DOCENTE<\/strong><\/p>\n\n\n\n<p><strong>Coordinaci\u00f3n<\/strong><br>Adriana Piperno | Franco Teixeira de Mello<br><br><strong>Profesora internacional invitada<\/strong><br>M\u00f3nica Bertolino &#8211; Universidad Nacional de C\u00f3rdoba (Coordinaci\u00f3n Taller)<br><br><strong>Profesores nacionales:<\/strong> Jimena Alonso, Luc\u00eda Fern\u00e1ndez, Guillermo Goyenola, N\u00e9stor Mazzeo, Norma Piazza, Pablo Sierra, Christine Lucas, Elena Alvareda, Mercedes Paradiso, Luc\u00eda Urtado<br><br><strong>Invitadas:<\/strong> Selene Morales, Fernanda Am\u00e9rico (Unidad Regional de Extensi\u00f3n &#8211; Paysand\u00fa), Natalia Garc\u00eda (Direcci\u00f3n Ordenamiento Territorial &#8211; Intendencia de Paysand\u00fa) <br><br><strong>Docentes de taller:<\/strong> Juan Ferrer, Alma Varela, Angelina Graziano, Sof\u00eda Rameau <\/p>\n\n\n\n<p><strong>MODALIDADES DE CURSADO <\/strong><\/p>\n\n\n\n<p>El curso tiene tres modalidades de inscripci\u00f3n: <br><br><strong>A. Modalidad te\u00f3rico-pr\u00e1ctico virtual,<\/strong> que abarca tanto el m\u00f3dulo conceptual como el m\u00f3dulo proyectual (talleres) y la forma de asistencia es s\u00f3lamente virtual; <br><br><strong>B. Modalidad te\u00f3rico-pr\u00e1ctico mixta<\/strong>, que tambi\u00e9n abarca ambos m\u00f3dulos y combina formas de asistencia virtual y presencial<br><br><strong>C. Modalidad pr\u00e1ctico presencial<\/strong> que comprende solamente la asistencia al taller presencial. El costo de esta \u00faltima es gratuito y se priorizar\u00e1 la participaci\u00f3n de actores locales (vecinos\/as, organizaciones civiles, gobierno local, t\u00e9cnicos\/as locales) interesados en el tema. Todas las modalidades tendr\u00e1n certificado de participaci\u00f3n.<br><\/p>\n\n\n\n<p><strong>A. MODALIDAD TE\u00d3RICO-PR\u00c1CTICO VIRTUAL<\/strong><br><strong>[M\u00f3dulo conceptual &#8211; m\u00f3dulo proyectual]<\/strong><\/p>\n\n\n\n<p><strong>Fecha de realizaci\u00f3n:<\/strong> 16 al 23 de noviembre de 2020<br><strong>Modalidad:<\/strong> virtual, v\u00eda zoom (se proporcionar\u00e1 el enlace al momento de la inscripci\u00f3n).<br><strong>Horario:<\/strong> lunes 16 y martes 17 de 19:00 a 21:00hs., mi\u00e9rcoles 18 a viernes 20 de 18:00 a 20:00hs., s\u00e1bado 21 a domingo 22 (horario a definir), lunes 23 de 18:00 a 20:00hs. (Ver cronograma)<br><strong>Carga horaria:<\/strong> 40 horas<br><strong>Cupos:<\/strong> egresados de alguna de las carreras asociadas a la tem\u00e1tica, t\u00e9cnicos y personas interesadas. Hay un cupo especial para estudiantes avanzados. El cupo de participantes ser\u00e1 de 25 personas, d\u00e1ndose prioridad a aquellos que est\u00e9n cursando posgrados y a gestores en \u00e1reas afines.<br><strong>Costo:<\/strong> $U 300<br><strong>Modalidad de evaluaci\u00f3n:<\/strong> Se puede optar por dos modalidades; asistencia simple, en el cual se tomar\u00e1 en consideraci\u00f3n la asistencia a un 80% del curso para la entrega de un certificado. Y aprobaci\u00f3n por medio de un trabajo final.<br><br><strong>Cierre de inscripciones: viernes 13 de noviembre de 2020<\/strong><\/p>\n\n\n\n<p style=\"color:#008080\" class=\"has-text-color\"><strong><a href=\"http:\/\/www.cup.edu.uy\/index.php\/institucional\/inscripcion-a-cursos.html\" target=\"_blank\" rel=\"noreferrer noopener\" aria-label=\"&gt;&gt;&gt; Inscripciones aqu\u00ed (abre en una nueva pesta\u00f1a)\">>>> Inscripciones aqu\u00ed<\/a><\/strong><br><\/p>\n\n\n\n<p><strong>B. MODALIDAD TE\u00d3RICO-PR\u00c1CTICO MIXTA<br>[M\u00f3dulo conceptual &#8211; m\u00f3dulo proyectual]<\/strong><\/p>\n\n\n\n<p><strong>Fecha de realizaci\u00f3n:<\/strong> 16 al 23 de noviembre de 2020<br>Modalidad: mixta, lunes 16 a jueves 19 virtual, v\u00eda zoom (se proporcionar\u00e1 el enlace al momento de la inscripci\u00f3n), viernes 20 a lunes 23 presencial.<br><strong>Lugar (aula presencial):<\/strong> CENUR LN Paysand\u00fa (sal\u00f3n a confirmar); lugar a confirmar por la IDP para el taller presencial.<br><strong>Horario:<\/strong> lunes 16 y martes 17 de 19:00 a 21:00hs.,&nbsp; mi\u00e9rcoles 18 a viernes 20 de 18:00 a 20:00hs.,&nbsp; s\u00e1bado 21 a domingo 22 de 9:00 a 13:00hs. (a confirmar), lunes 23 de 18:00 a 20:00hs. (ver cronograma)<br><strong>Carga horaria:<\/strong> 40 horas<br><strong>Cupos:<\/strong> egresados de alguna de las carreras asociadas a la tem\u00e1tica, t\u00e9cnicos y personas interesadas. Hay un cupo especial para estudiantes avanzados. El cupo de participantes ser\u00e1 de 10 personas, d\u00e1ndose prioridad a aquellos que est\u00e9n cursando posgrados y a gestores en \u00e1reas afines.<br><strong>Costo:<\/strong> $U 300<br><strong>Modalidad de evaluaci\u00f3n:<\/strong> Se puede optar por dos modalidades; asistencia simple, en el cual se tomar\u00e1 en consideraci\u00f3n la asistencia a un 80% del curso para la entrega de un certificado. Y aprobaci\u00f3n por medio de un trabajo final.<br><br>Cierre de inscripciones: viernes 13 de noviembre de 2020<\/p>\n\n\n\n<p style=\"color:#008080\" class=\"has-text-color\"><strong><a href=\"http:\/\/www.cup.edu.uy\/index.php\/institucional\/inscripcion-a-cursos.html\" target=\"_blank\" rel=\"noreferrer noopener\" aria-label=\"&gt;&gt;&gt; Inscripciones aqu\u00ed (abre en una nueva pesta\u00f1a)\">>>> Inscripciones aqu\u00ed<\/a><\/strong><br><\/p>\n\n\n\n<p><strong>C. MODALIDAD PR\u00c1CTICO &#8211; TALLER PRESENCIAL&nbsp;<br>[M\u00f3dulo proyectual]<\/strong><\/p>\n\n\n\n<p><strong>Fecha de realizaci\u00f3n:<\/strong> 20 al 23 de noviembre de 2020<br><strong>Modalidad:<\/strong> presencial<br><strong>Lugar (aula presencial):<\/strong> CENUR LN Paysand\u00fa (sal\u00f3n a confirmar); lugar a confirmar por la IDP para el taller presencial.<br><strong>Horario:<\/strong> viernes 20 de 18:00 a 20:00hs.,&nbsp; s\u00e1bado 21 a domingo 22 de 9:00 a 13:00hs. (confirmar), lunes 23 de 18:00 a 20:00hs.<br><strong>Carga horaria:<\/strong> 15 horas<br><strong>Cupos:<\/strong> Se priorizar\u00e1 la participaci\u00f3n de actores locales interesados en el tema. El cupo de participantes ser\u00e1 de 10 personas.<br><strong>Costo:<\/strong> gratuito<br><strong>Cierre de inscripciones:<\/strong> viernes 13 de noviembre de 2020<\/p>\n\n\n\n<p style=\"color:#008080\" class=\"has-text-color\"><strong><a href=\"http:\/\/www.cup.edu.uy\/index.php\/institucional\/inscripcion-a-cursos.html\" target=\"_blank\" rel=\"noreferrer noopener\" aria-label=\"&gt;&gt;&gt; Inscripciones aqu\u00ed (abre en una nueva pesta\u00f1a)\">>>> Inscripciones aqu\u00ed<\/a><\/strong><\/p>\n","protected":false},"excerpt":{"rendered":"<p>El N\u00facleo Aguas Urbanas, Proyecto y Gesti\u00f3n extiende la invitaci\u00f3n a la 6ta edici\u00f3n del Curso Taller Agua Ciudad | Ciudad Agua INTERcambios que tendr\u00e1 lugar del 16 al 23 de noviembre del corriente a\u00f1o, en modalidad mixta: v\u00eda plataforma zoom y semipresencial, en la Sede Payasand\u00fa del CENUR Litoral Norte, Udelar. La gesti\u00f3n del [&hellip;]<\/p>\n","protected":false},"author":1,"featured_media":5117,"comment_status":"open","ping_status":"open","sticky":false,"template":"","format":"standard","meta":{"_exactmetrics_skip_tracking":false,"_exactmetrics_sitenote_active":false,"_exactmetrics_sitenote_note":"","_exactmetrics_sitenote_category":0,"footnotes":""},"categories":[43],"tags":[],"class_list":{"0":"post-5111","1":"post","2":"type-post","3":"status-publish","4":"format-standard","5":"has-post-thumbnail","7":"category-noticias","8":"czr-hentry"},"_links":{"self":[{"href":"https:\/\/aguasurbanas.ei.udelar.edu.uy\/index.php\/wp-json\/wp\/v2\/posts\/5111","targetHints":{"allow":["GET"]}}],"collection":[{"href":"https:\/\/aguasurbanas.ei.udelar.edu.uy\/index.php\/wp-json\/wp\/v2\/posts"}],"about":[{"href":"https:\/\/aguasurbanas.ei.udelar.edu.uy\/index.php\/wp-json\/wp\/v2\/types\/post"}],"author":[{"embeddable":true,"href":"https:\/\/aguasurbanas.ei.udelar.edu.uy\/index.php\/wp-json\/wp\/v2\/users\/1"}],"replies":[{"embeddable":true,"href":"https:\/\/aguasurbanas.ei.udelar.edu.uy\/index.php\/wp-json\/wp\/v2\/comments?post=5111"}],"version-history":[{"count":17,"href":"https:\/\/aguasurbanas.ei.udelar.edu.uy\/index.php\/wp-json\/wp\/v2\/posts\/5111\/revisions"}],"predecessor-version":[{"id":5625,"href":"https:\/\/aguasurbanas.ei.udelar.edu.uy\/index.php\/wp-json\/wp\/v2\/posts\/5111\/revisions\/5625"}],"wp:featuredmedia":[{"embeddable":true,"href":"https:\/\/aguasurbanas.ei.udelar.edu.uy\/index.php\/wp-json\/wp\/v2\/media\/5117"}],"wp:attachment":[{"href":"https:\/\/aguasurbanas.ei.udelar.edu.uy\/index.php\/wp-json\/wp\/v2\/media?parent=5111"}],"wp:term":[{"taxonomy":"category","embeddable":true,"href":"https:\/\/aguasurbanas.ei.udelar.edu.uy\/index.php\/wp-json\/wp\/v2\/categories?post=5111"},{"taxonomy":"post_tag","embeddable":true,"href":"https:\/\/aguasurbanas.ei.udelar.edu.uy\/index.php\/wp-json\/wp\/v2\/tags?post=5111"}],"curies":[{"name":"wp","href":"https:\/\/api.w.org\/{rel}","templated":true}]}}