{"id":5101,"date":"2020-08-10T18:11:37","date_gmt":"2020-08-10T21:11:37","guid":{"rendered":"http:\/\/www.aguasurbanas.ei.udelar.edu.uy\/?p=5101"},"modified":"2020-11-05T12:50:37","modified_gmt":"2020-11-05T15:50:37","slug":"adapta-fadu","status":"publish","type":"post","link":"https:\/\/aguasurbanas.ei.udelar.edu.uy\/index.php\/2020\/08\/10\/adapta-fadu\/","title":{"rendered":"Ad@pta FADU"},"content":{"rendered":"\n<figure class=\"wp-block-image\"><img loading=\"lazy\" decoding=\"async\" width=\"1024\" height=\"365\" src=\"http:\/\/www.aguasurbanas.ei.udelar.edu.uy\/wp-content\/uploads\/2020\/08\/Registro-del-cambio-1-web-aguas-chico-1024x365.jpg\" alt=\"\" class=\"wp-image-5106\"\/><\/figure>\n\n\n\n<p><strong>Ad@pta FADU<\/strong>&nbsp;es un conjunto de actividades de la Facultad de Arquitectura, Dise\u00f1o y Urbanismo, que tiene por objetivo el desarrollo de conocimiento en materia de adaptaci\u00f3n edilicia y urbana al cambio y variabilidad clim\u00e1tica (CVC).<\/p>\n\n\n\n<p>En el marco del convenio de cooperaci\u00f3n&nbsp;<em>Integraci\u00f3n del enfoque de adaptaci\u00f3n en ciudades, infraestructura y ordenamiento territorial en Uruguay<\/em>,&nbsp;dentro del Plan Nacional de Adaptaci\u00f3n de Ciudades al Cambio Clim\u00e1tico (<em>NAP Ciudades<\/em>),&nbsp;la FADU constituy\u00f3 un equipo transversal que integra las capacidades de distintas \u00e1reas de investigaci\u00f3n tendiente a dar respuesta concreta a la demanda, y al mismo tiempo internalizar la problem\u00e1tica de CVC en las funciones universitarias.<\/p>\n\n\n\n<p>\u00bfC\u00f3mo hacer visible la investigaci\u00f3n sobre CVC realizada por Ad@pta FADU dentro de las 5 carreras de grado de nuestra facultad?<\/p>\n\n\n\n<p>\u00bfCu\u00e1ntos cursos de grado y posgrado est\u00e1n realizando ejercicios que experimentan o integran la tem\u00e1tica del CVC o de la sustentabilidad?<\/p>\n\n\n\n<p>\u00bfEs posible generar aportes desde la investigaci\u00f3n realizada por Ad@pta FADU a los proyectos de extensi\u00f3n, trabajos de investigaci\u00f3n y tesis que se est\u00e1n realizando actualmente y viceversa?<\/p>\n\n\n\n<p>\u00bfExisten trabajos de investigaci\u00f3n realizados o en elaboraci\u00f3n que aborden el CVC desde alguna perspectiva en los diferentes institutos o posgrados de FADU?<\/p>\n\n\n\n<p>\u00bfEs posible generar una red que amplifique las actividades y experiencias acad\u00e9micas y los conocimientos disciplinares?<\/p>\n\n\n\n<p><strong><br>Con el objetivo de responder a estas y m\u00e1s preguntas, en una primer etapa, Ad@pta FADU lanza una convocatoria a la totalidad de los cursos de ense\u00f1anza de grado y posgrado, a proyectos de extensi\u00f3n, trabajos de investigaci\u00f3n y tesis, tengan o no relaci\u00f3n con el tema de estudio.<\/strong><\/p>\n\n\n\n<p>Para participar de la convocatoria, los coordinadores o referentes de cada \u00e1mbito deber\u00e1n completar el&nbsp;<a href=\"https:\/\/docs.google.com\/forms\/d\/e\/1FAIpQLSfisA1ueeOjBubK_Q_rUrqDeswzssXh8GoB0R9n4m-DCBt4zQ\/viewform\" target=\"_blank\" rel=\"noreferrer noopener\">formulario de ingreso de datos.<\/a><\/p>\n\n\n\n<p>Las respuestas al formulario ser\u00e1n insumo para generar v\u00ednculos, en muchos casos in\u00e9ditos, entre los diferentes cursos, docentes, investigadores y asesores externos de todas las carreras y programas de FADU, adem\u00e1s de ser el inicio de la construcci\u00f3n de un mapeo del relacionamiento de los diferentes \u00e1mbitos de FADU con la sustentabilidad.<\/p>\n\n\n\n<p><strong>La fecha l\u00edmite para la recepci\u00f3n de las respuestas es el viernes 21 de agosto de 2020 a las 23:59hs.<\/strong><\/p>\n\n\n\n<p style=\"color:#008080\" class=\"has-text-color\"><a href=\"http:\/\/www.fadu.edu.uy\/patio\/wp-content\/uploads\/2020\/08\/V04_Brief-Adapta-FADU-Patio.pdf\" rel=\"noreferrer noopener\" target=\"_blank\">Descargar brief Ad@pta FADU<\/a><\/p>\n\n\n\n<p style=\"color:#008080\" class=\"has-text-color\"><a href=\"https:\/\/adapta.fadu.edu.uy\/\" target=\"_blank\" rel=\"noreferrer noopener\">M\u00e1s informaci\u00f3n<\/a><\/p>\n","protected":false},"excerpt":{"rendered":"<p>Ad@pta FADU&nbsp;es un conjunto de actividades de la Facultad de Arquitectura, Dise\u00f1o y Urbanismo, que tiene por objetivo el desarrollo de conocimiento en materia de adaptaci\u00f3n edilicia y urbana al cambio y variabilidad clim\u00e1tica (CVC). En el marco del convenio de cooperaci\u00f3n&nbsp;Integraci\u00f3n del enfoque de adaptaci\u00f3n en ciudades, infraestructura y ordenamiento territorial en Uruguay,&nbsp;dentro del [&hellip;]<\/p>\n","protected":false},"author":1,"featured_media":5103,"comment_status":"open","ping_status":"open","sticky":false,"template":"","format":"standard","meta":{"_exactmetrics_skip_tracking":false,"_exactmetrics_sitenote_active":false,"_exactmetrics_sitenote_note":"","_exactmetrics_sitenote_category":0,"footnotes":""},"categories":[43],"tags":[],"class_list":{"0":"post-5101","1":"post","2":"type-post","3":"status-publish","4":"format-standard","5":"has-post-thumbnail","7":"category-noticias","8":"czr-hentry"},"_links":{"self":[{"href":"https:\/\/aguasurbanas.ei.udelar.edu.uy\/index.php\/wp-json\/wp\/v2\/posts\/5101","targetHints":{"allow":["GET"]}}],"collection":[{"href":"https:\/\/aguasurbanas.ei.udelar.edu.uy\/index.php\/wp-json\/wp\/v2\/posts"}],"about":[{"href":"https:\/\/aguasurbanas.ei.udelar.edu.uy\/index.php\/wp-json\/wp\/v2\/types\/post"}],"author":[{"embeddable":true,"href":"https:\/\/aguasurbanas.ei.udelar.edu.uy\/index.php\/wp-json\/wp\/v2\/users\/1"}],"replies":[{"embeddable":true,"href":"https:\/\/aguasurbanas.ei.udelar.edu.uy\/index.php\/wp-json\/wp\/v2\/comments?post=5101"}],"version-history":[{"count":3,"href":"https:\/\/aguasurbanas.ei.udelar.edu.uy\/index.php\/wp-json\/wp\/v2\/posts\/5101\/revisions"}],"predecessor-version":[{"id":5108,"href":"https:\/\/aguasurbanas.ei.udelar.edu.uy\/index.php\/wp-json\/wp\/v2\/posts\/5101\/revisions\/5108"}],"wp:featuredmedia":[{"embeddable":true,"href":"https:\/\/aguasurbanas.ei.udelar.edu.uy\/index.php\/wp-json\/wp\/v2\/media\/5103"}],"wp:attachment":[{"href":"https:\/\/aguasurbanas.ei.udelar.edu.uy\/index.php\/wp-json\/wp\/v2\/media?parent=5101"}],"wp:term":[{"taxonomy":"category","embeddable":true,"href":"https:\/\/aguasurbanas.ei.udelar.edu.uy\/index.php\/wp-json\/wp\/v2\/categories?post=5101"},{"taxonomy":"post_tag","embeddable":true,"href":"https:\/\/aguasurbanas.ei.udelar.edu.uy\/index.php\/wp-json\/wp\/v2\/tags?post=5101"}],"curies":[{"name":"wp","href":"https:\/\/api.w.org\/{rel}","templated":true}]}}