{"id":5087,"date":"2020-04-02T13:25:29","date_gmt":"2020-04-02T16:25:29","guid":{"rendered":"http:\/\/www.aguasurbanas.ei.udelar.edu.uy\/?p=5087"},"modified":"2020-11-05T12:49:52","modified_gmt":"2020-11-05T15:49:52","slug":"la-universidad-frente-al-covid-19","status":"publish","type":"post","link":"https:\/\/aguasurbanas.ei.udelar.edu.uy\/index.php\/2020\/04\/02\/la-universidad-frente-al-covid-19\/","title":{"rendered":"La Universidad frente al Coronavirus"},"content":{"rendered":"\n<figure class=\"wp-block-image\"><img loading=\"lazy\" decoding=\"async\" width=\"1024\" height=\"365\" src=\"http:\/\/www.aguasurbanas.ei.udelar.edu.uy\/wp-content\/uploads\/2020\/04\/bannerweb-1024x365.jpg\" alt=\"\" class=\"wp-image-5088\" srcset=\"https:\/\/aguasurbanas.ei.udelar.edu.uy\/wp-content\/uploads\/2020\/04\/bannerweb-1024x365.jpg 1024w, https:\/\/aguasurbanas.ei.udelar.edu.uy\/wp-content\/uploads\/2020\/04\/bannerweb-300x107.jpg 300w, https:\/\/aguasurbanas.ei.udelar.edu.uy\/wp-content\/uploads\/2020\/04\/bannerweb-768x274.jpg 768w, https:\/\/aguasurbanas.ei.udelar.edu.uy\/wp-content\/uploads\/2020\/04\/bannerweb.jpg 1740w\" sizes=\"auto, (max-width: 1024px) 100vw, 1024px\" \/><\/figure>\n\n\n\n<p>Cumpliendo con el <a rel=\"noreferrer noopener\" aria-label=\"comunicado n2 (abre en una nueva pesta\u00f1a)\" href=\"http:\/\/udelar.edu.uy\/portal\/wp-content\/uploads\/sites\/48\/2020\/03\/Comunicado-Rectorado-13-03-20-Coronavirus.pdf\" target=\"_blank\">comunicado 2<\/a> del Rector de la Universidad de la Rep\u00fablica, referido a la suspensi\u00f3n de actividades acad\u00e9micas en Udelar en el marco de la emergencia sanitaria nacional, el <strong>N\u00facleo Interdsciplinario <\/strong><em><strong>Aguas Urbanas, Proyecto y Gesti\u00f3n<\/strong><\/em> comunica que continuar\u00e1 recibiendo propuestas y respondiendo consultas exclusivamente a trav\u00e9s de su casilla de correo electr\u00f3nico web.aguasurbanas@gmail.com<\/p>\n\n\n\n<p style=\"color:#008080\" class=\"has-text-color\"><a rel=\"noreferrer noopener\" aria-label=\"M\u00e1s informaci\u00f3n sobre las resoluciones de Udelar referidas al Covid 19 (abre en una nueva pesta\u00f1a)\" href=\"https:\/\/coronavirus.udelar.edu.uy\/\" target=\"_blank\">M\u00e1s informaci\u00f3n sobre las resoluciones de Udelar referidas al Covid-19<\/a><\/p>\n","protected":false},"excerpt":{"rendered":"<p>Cumpliendo con el comunicado 2 del Rector de la Universidad de la Rep\u00fablica, referido a la suspensi\u00f3n de actividades acad\u00e9micas en Udelar en el marco de la emergencia sanitaria nacional, el N\u00facleo Interdsciplinario Aguas Urbanas, Proyecto y Gesti\u00f3n comunica que continuar\u00e1 recibiendo propuestas y respondiendo consultas exclusivamente a trav\u00e9s de su casilla de correo electr\u00f3nico [&hellip;]<\/p>\n","protected":false},"author":1,"featured_media":5088,"comment_status":"open","ping_status":"open","sticky":false,"template":"","format":"standard","meta":{"_exactmetrics_skip_tracking":false,"_exactmetrics_sitenote_active":false,"_exactmetrics_sitenote_note":"","_exactmetrics_sitenote_category":0,"footnotes":""},"categories":[43],"tags":[],"class_list":{"0":"post-5087","1":"post","2":"type-post","3":"status-publish","4":"format-standard","5":"has-post-thumbnail","7":"category-noticias","8":"czr-hentry"},"_links":{"self":[{"href":"https:\/\/aguasurbanas.ei.udelar.edu.uy\/index.php\/wp-json\/wp\/v2\/posts\/5087","targetHints":{"allow":["GET"]}}],"collection":[{"href":"https:\/\/aguasurbanas.ei.udelar.edu.uy\/index.php\/wp-json\/wp\/v2\/posts"}],"about":[{"href":"https:\/\/aguasurbanas.ei.udelar.edu.uy\/index.php\/wp-json\/wp\/v2\/types\/post"}],"author":[{"embeddable":true,"href":"https:\/\/aguasurbanas.ei.udelar.edu.uy\/index.php\/wp-json\/wp\/v2\/users\/1"}],"replies":[{"embeddable":true,"href":"https:\/\/aguasurbanas.ei.udelar.edu.uy\/index.php\/wp-json\/wp\/v2\/comments?post=5087"}],"version-history":[{"count":8,"href":"https:\/\/aguasurbanas.ei.udelar.edu.uy\/index.php\/wp-json\/wp\/v2\/posts\/5087\/revisions"}],"predecessor-version":[{"id":5127,"href":"https:\/\/aguasurbanas.ei.udelar.edu.uy\/index.php\/wp-json\/wp\/v2\/posts\/5087\/revisions\/5127"}],"wp:featuredmedia":[{"embeddable":true,"href":"https:\/\/aguasurbanas.ei.udelar.edu.uy\/index.php\/wp-json\/wp\/v2\/media\/5088"}],"wp:attachment":[{"href":"https:\/\/aguasurbanas.ei.udelar.edu.uy\/index.php\/wp-json\/wp\/v2\/media?parent=5087"}],"wp:term":[{"taxonomy":"category","embeddable":true,"href":"https:\/\/aguasurbanas.ei.udelar.edu.uy\/index.php\/wp-json\/wp\/v2\/categories?post=5087"},{"taxonomy":"post_tag","embeddable":true,"href":"https:\/\/aguasurbanas.ei.udelar.edu.uy\/index.php\/wp-json\/wp\/v2\/tags?post=5087"}],"curies":[{"name":"wp","href":"https:\/\/api.w.org\/{rel}","templated":true}]}}