{"id":5031,"date":"2020-12-07T08:22:43","date_gmt":"2020-12-07T11:22:43","guid":{"rendered":"http:\/\/www.aguasurbanas.ei.udelar.edu.uy\/?p=5031"},"modified":"2020-12-07T09:06:25","modified_gmt":"2020-12-07T12:06:25","slug":"infraestructuras-liquidas-pte-taller-articardi","status":"publish","type":"post","link":"https:\/\/aguasurbanas.ei.udelar.edu.uy\/index.php\/2020\/12\/07\/infraestructuras-liquidas-pte-taller-articardi\/","title":{"rendered":"Infraestructuras L\u00edquidas | PTE Taller Articardi"},"content":{"rendered":"\n<figure class=\"wp-block-image\"><img loading=\"lazy\" decoding=\"async\" width=\"870\" height=\"310\" src=\"http:\/\/www.aguasurbanas.ei.udelar.edu.uy\/wp-content\/uploads\/2019\/12\/2019_Sem2_Gallo-Piedra-1.png\" alt=\"\" class=\"wp-image-5042\" srcset=\"https:\/\/aguasurbanas.ei.udelar.edu.uy\/wp-content\/uploads\/2019\/12\/2019_Sem2_Gallo-Piedra-1.png 870w, https:\/\/aguasurbanas.ei.udelar.edu.uy\/wp-content\/uploads\/2019\/12\/2019_Sem2_Gallo-Piedra-1-300x107.png 300w, https:\/\/aguasurbanas.ei.udelar.edu.uy\/wp-content\/uploads\/2019\/12\/2019_Sem2_Gallo-Piedra-1-768x274.png 768w\" sizes=\"auto, (max-width: 870px) 100vw, 870px\" \/><\/figure>\n\n\n\n<p>El curso de Proyecto Tema Espec\u00edfico Arquitectura del Paisaje, del taller Articardi (FADU-UDELAR) propone reflexionar desde el ejercicio de proyecto acerca de la frontera disciplinar entre arquitectura y paisaje y entre paisaje y urbanismo. <strong>Propuesta del curso del segundo semestre 2019: <em>infraestructuras l\u00edquidas<\/em>.<\/strong><\/p>\n\n\n\n<p><strong>&nbsp;<\/strong>Si hasta hace poco las infraestructuras eran pensadas para cumplir funciones espec\u00edficas donde el v\u00ednculo con los sistemas naturales se limitaba a su pretendido control -como en el caso de la canalizaci\u00f3n de cursos de agua-, en los \u00faltimos a\u00f1os ha tenido lugar un desplazamiento hacia el abordaje complejo de la articulaci\u00f3n entre los sistemas antr\u00f3picos y los naturales.<\/p>\n\n\n\n<p>Como se\u00f1ala Pierre Belanger (Infrastructural Ecologies. Fluid biotic, contingent, 2013) las viejas infraestructuras pesadas y fijas dan paso al dise\u00f1o de sistemas ecol\u00f3gicos m\u00e1s suaves, desliz\u00e1ndose a trav\u00e9s de diferentes escalas, sistemas y estrategias. Hoy en d\u00eda su l\u00f3gica es evolutiva, flexible, adaptable, descentralizada&nbsp;y polifuncional, lo que lleva a concebir redes abiertas de micro-intervenciones.&nbsp;El curso aborda el proyecto de sistemas de infraestructuras orientados al manejo de escorrent\u00edas y microdrenaje urbano, al incremento de la biodiversidad y la generaci\u00f3n de microclimas de confort para la apropiaci\u00f3n p\u00fablica de sus \u00e1reas inmediatas. <\/p>\n\n\n\n<p>El \u00e1rea del proyecto es la cuenca de la ca\u00f1ada Iyu\u00ed (Matilde Pacheco) en Casavalle y se aborda desde una mirada multiescalar.&nbsp;Durante el curso se realizaron articulaciones con diferentes actores: el equipo FADU en Casavalle a partir del Programa Pr\u00e1cticas en Territorio que posibilit\u00f3 el v\u00ednculo directo con la comunidad, el grupo Aguas Urbanas y Gesti\u00f3n del Riesgo del ITU, el \u00c1rea de Clima y Confort del IC y el equipo de Hidrolog\u00eda de la Facultad de Ingenier\u00eda.&nbsp;<\/p>\n\n\n\n<p>Ver proyectos de estudiantes:<\/p>\n\n\n\n<p style=\"color:#008080\" class=\"has-text-color\"><a rel=\"noreferrer noopener\" aria-label=\"Ana Aldaz \/ Nicol\u00e1s Cardozo (abre en una nueva pesta\u00f1a)\" href=\"http:\/\/www.fadu.edu.uy\/tallerarticardi\/wp-content\/uploads\/2019\/12\/2019_Sem2_Aldaz-Cardozo.jpg\" target=\"_blank\"><strong>Ana Aldaz \/ Nicol\u00e1s Cardozo<\/strong><\/a><\/p>\n\n\n\n<p style=\"color:#008080\" class=\"has-text-color\"><a href=\"http:\/\/www.fadu.edu.uy\/tallerarticardi\/wp-content\/uploads\/2019\/12\/2019_Sem2_Bentancur-De-Le%C3%B3n.jpg\"><strong>Ximena De Le\u00f3n \/ Viviana Bentancur <\/strong><\/a><\/p>\n\n\n\n<p style=\"color:#008080\" class=\"has-text-color\"><a href=\"http:\/\/www.fadu.edu.uy\/tallerarticardi\/wp-content\/uploads\/2019\/12\/2019_Sem2_Bentancur-De-Le%C3%B3n.jpg\"><strong>Gerardo Delfino<\/strong><\/a><\/p>\n\n\n\n<p style=\"color:#008080\" class=\"has-text-color\"><a rel=\"noreferrer noopener\" aria-label=\"Rodrigo Fern\u00e1ndez \/ Romina Piuma  (abre en una nueva pesta\u00f1a)\" href=\"http:\/\/www.fadu.edu.uy\/tallerarticardi\/wp-content\/uploads\/2019\/12\/2019_Sem2_Fern%C3%A1ndez-Piuma.jpg\" target=\"_blank\"><strong>Rodrigo Fern\u00e1ndez \/ Romina Piuma <\/strong><\/a><\/p>\n\n\n\n<p style=\"color:#008080\" class=\"has-text-color\"><a href=\"http:\/\/www.fadu.edu.uy\/tallerarticardi\/wp-content\/uploads\/2019\/12\/2019_Sem2_Ferreira-Ara%C3%BAjo.jpg\"><strong>Nicol\u00e1s Ferreira \/ Bryan Ara\u00fajo <\/strong><\/a><\/p>\n\n\n\n<p style=\"color:#008080\" class=\"has-text-color\"> <a rel=\"noreferrer noopener\" aria-label=\"Natal\u00ed Gallo \/ Noelia Piedra  (abre en una nueva pesta\u00f1a)\" href=\"http:\/\/www.fadu.edu.uy\/tallerarticardi\/wp-content\/uploads\/2019\/12\/2019_Sem2_Gallo-Piedra.jpg\" target=\"_blank\"><strong>Natal\u00ed Gallo \/ Noelia Piedra <\/strong><\/a><\/p>\n\n\n\n<p style=\"color:#008080\" class=\"has-text-color\"><br><a href=\"http:\/\/www.fadu.edu.uy\/tallerarticardi\/pte\/pte-trabajos-de-estudiantes\/\">M\u00e1s informaci\u00f3n sobre <\/a><strong><em><a href=\"http:\/\/www.fadu.edu.uy\/tallerarticardi\/pte\/pte-trabajos-de-estudiantes\/\">Infraestructuras l\u00edquidas<\/a><\/em><\/strong><\/p>\n\n\n\n<p style=\"color:#008080\" class=\"has-text-color\"><a rel=\"noreferrer noopener\" href=\"http:\/\/www.fadu.edu.uy\/tallerarticardi\/pte\/\" target=\"_blank\">M\u00e1s informaci\u00f3n sobre&nbsp;PTE Taller Articardi<\/a><\/p>\n\n\n\n<h6 class=\"wp-block-heading\"><strong>Equipo docente: Sandra Segovia (responsable), Juan Articardi, Carla Ben\u00edtez, Gonzalo Bustillo, Luis Contenti, Sof\u00eda Guill\u00e9n, Romina Laprov\u00edtera, Carla Miranda.<\/strong><\/h6>\n\n\n\n<p style=\"font-size:10px\"><a href=\"http:\/\/www.fadu.edu.uy\/tallerarticardi\/pte\/#sdfootnote1anc\"><strong>1<\/strong><\/a><strong>.Belanger, Pierre. Infrastructural Ecologies. Fluid biotic, contingent. En: The Infrastructure Research Initiative at SWA (ed). Landscape Infrastructure. Case Studies by SWA . <\/strong><br><strong>Basilea: Birkh\u00e4user, 2013.<\/strong><\/p>\n","protected":false},"excerpt":{"rendered":"<p>El curso aborda el proyecto de sistemas de infraestructuras orientados al manejo de escorrent\u00edas y microdrenaje urbano, al incremento de la biodiversidad y la generaci\u00f3n de microclimas de confort para la apropiaci\u00f3n p\u00fablica de sus \u00e1reas inmediatas. Se enfatiza la reflexi\u00f3n multiescalar que el enfoque demanda y se profundiza, mediante el trabajo interdisciplinar con otros \u00e1mbitos de la FADU y de la UDELAR, en la dimensi\u00f3n t\u00e9cnica de las propuestas desarrolladas.<\/p>\n","protected":false},"author":1,"featured_media":5042,"comment_status":"open","ping_status":"open","sticky":false,"template":"","format":"standard","meta":{"_exactmetrics_skip_tracking":false,"_exactmetrics_sitenote_active":false,"_exactmetrics_sitenote_note":"","_exactmetrics_sitenote_category":0,"footnotes":""},"categories":[49,43],"tags":[],"class_list":{"0":"post-5031","1":"post","2":"type-post","3":"status-publish","4":"format-standard","5":"has-post-thumbnail","7":"category-exploraciones","8":"category-noticias","9":"czr-hentry"},"_links":{"self":[{"href":"https:\/\/aguasurbanas.ei.udelar.edu.uy\/index.php\/wp-json\/wp\/v2\/posts\/5031","targetHints":{"allow":["GET"]}}],"collection":[{"href":"https:\/\/aguasurbanas.ei.udelar.edu.uy\/index.php\/wp-json\/wp\/v2\/posts"}],"about":[{"href":"https:\/\/aguasurbanas.ei.udelar.edu.uy\/index.php\/wp-json\/wp\/v2\/types\/post"}],"author":[{"embeddable":true,"href":"https:\/\/aguasurbanas.ei.udelar.edu.uy\/index.php\/wp-json\/wp\/v2\/users\/1"}],"replies":[{"embeddable":true,"href":"https:\/\/aguasurbanas.ei.udelar.edu.uy\/index.php\/wp-json\/wp\/v2\/comments?post=5031"}],"version-history":[{"count":15,"href":"https:\/\/aguasurbanas.ei.udelar.edu.uy\/index.php\/wp-json\/wp\/v2\/posts\/5031\/revisions"}],"predecessor-version":[{"id":5172,"href":"https:\/\/aguasurbanas.ei.udelar.edu.uy\/index.php\/wp-json\/wp\/v2\/posts\/5031\/revisions\/5172"}],"wp:featuredmedia":[{"embeddable":true,"href":"https:\/\/aguasurbanas.ei.udelar.edu.uy\/index.php\/wp-json\/wp\/v2\/media\/5042"}],"wp:attachment":[{"href":"https:\/\/aguasurbanas.ei.udelar.edu.uy\/index.php\/wp-json\/wp\/v2\/media?parent=5031"}],"wp:term":[{"taxonomy":"category","embeddable":true,"href":"https:\/\/aguasurbanas.ei.udelar.edu.uy\/index.php\/wp-json\/wp\/v2\/categories?post=5031"},{"taxonomy":"post_tag","embeddable":true,"href":"https:\/\/aguasurbanas.ei.udelar.edu.uy\/index.php\/wp-json\/wp\/v2\/tags?post=5031"}],"curies":[{"name":"wp","href":"https:\/\/api.w.org\/{rel}","templated":true}]}}