{"id":4901,"date":"2019-10-11T12:54:26","date_gmt":"2019-10-11T15:54:26","guid":{"rendered":"http:\/\/www.aguasurbanas.ei.udelar.edu.uy\/?p=4901"},"modified":"2020-08-10T18:12:55","modified_gmt":"2020-08-10T21:12:55","slug":"adpta-fadu","status":"publish","type":"post","link":"https:\/\/aguasurbanas.ei.udelar.edu.uy\/index.php\/2019\/10\/11\/adpta-fadu\/","title":{"rendered":"Ad@pta FADU"},"content":{"rendered":"\n<figure class=\"wp-block-image\"><img loading=\"lazy\" decoding=\"async\" width=\"870\" height=\"310\" src=\"http:\/\/www.aguasurbanas.ei.udelar.edu.uy\/wp-content\/uploads\/2019\/10\/Sin-t\u00edtulo-1.jpg\" alt=\"\" class=\"wp-image-4905\" srcset=\"https:\/\/aguasurbanas.ei.udelar.edu.uy\/wp-content\/uploads\/2019\/10\/Sin-t\u00edtulo-1.jpg 870w, https:\/\/aguasurbanas.ei.udelar.edu.uy\/wp-content\/uploads\/2019\/10\/Sin-t\u00edtulo-1-300x107.jpg 300w, https:\/\/aguasurbanas.ei.udelar.edu.uy\/wp-content\/uploads\/2019\/10\/Sin-t\u00edtulo-1-768x274.jpg 768w\" sizes=\"auto, (max-width: 870px) 100vw, 870px\" \/><\/figure>\n\n\n\n<p><strong>Ad@pta FADU<\/strong> es un conjunto de actividades de la Facultad de Arquitectura, Dise\u00f1o y Urbanismo que tiene por objetivo el desarrollo de conocimiento en materia de adaptaci\u00f3n edilicia y urbana al cambio y variabilidad clim\u00e1tica (CVC).<br><br>En base al marco conceptual general de adaptaci\u00f3n al cambio y variabilidad clim\u00e1tica, resiliencia urbana y planificaci\u00f3n y sostenibilidad, <strong>Ad@pta FADU<\/strong> pretende generar una estrategia de abordaje para dar respuesta a la adaptaci\u00f3n de los espacios construidos a contextos de CVC en zonas urbanas. Para ello busca identificar y analizar las opciones de adaptaci\u00f3n en relaci\u00f3n con las infraestructuras y los espacios construidos, en particular la mejora en los c\u00f3digos de construcci\u00f3n, los espacios p\u00fablicos y las infraestructuras urbanas. <br><br> <strong>Ad@pta FADU<\/strong> incluye tambi\u00e9n actividades de formaci\u00f3n, sensibilizaci\u00f3n y difusi\u00f3n a estudiantes y egresados&nbsp;y&nbsp;se enmarca en el acuerdo entre las Naciones Unidas para el Desarrollo (PNUD) y la Facultad de Arquitectura, Dise\u00f1o y Urbanismo (FADU) para la imlpementaci\u00f3n del Proyecto URU\/18\/022 <em>Integraci\u00f3n del enfoque de&nbsp;adaptaci\u00f3n en ciudades, infraestructura y ordenamiento territorial en Uruguay<\/em>. <\/p>\n\n\n\n<p style=\"color:#008080\" class=\"has-text-color\"><a rel=\"noreferrer noopener\" aria-label=\"Acceder a la web de Ad@pta FADU  (abre en una nueva pesta\u00f1a)\" href=\"http:\/\/adapta.fadu.edu.uy\/\" target=\"_blank\">Acceder a la web de Ad@pta FADU<\/a><\/p>\n","protected":false},"excerpt":{"rendered":"<p>Ad@pta FADU es un conjunto de actividades de la Facultad de Arquitectura, Dise\u00f1o y Urbanismo que tiene por objetivo el desarrollo de conocimiento en materia de adaptaci\u00f3n edilicia y urbana a la variabilidad y cambio clim\u00e1tico.<\/p>\n","protected":false},"author":1,"featured_media":4914,"comment_status":"open","ping_status":"open","sticky":false,"template":"","format":"standard","meta":{"_exactmetrics_skip_tracking":false,"_exactmetrics_sitenote_active":false,"_exactmetrics_sitenote_note":"","_exactmetrics_sitenote_category":0,"footnotes":""},"categories":[39,43],"tags":[107],"class_list":{"0":"post-4901","1":"post","2":"type-post","3":"status-publish","4":"format-standard","5":"has-post-thumbnail","7":"category-investigaciones","8":"category-noticias","9":"tag-cambio-climatico","10":"czr-hentry"},"_links":{"self":[{"href":"https:\/\/aguasurbanas.ei.udelar.edu.uy\/index.php\/wp-json\/wp\/v2\/posts\/4901","targetHints":{"allow":["GET"]}}],"collection":[{"href":"https:\/\/aguasurbanas.ei.udelar.edu.uy\/index.php\/wp-json\/wp\/v2\/posts"}],"about":[{"href":"https:\/\/aguasurbanas.ei.udelar.edu.uy\/index.php\/wp-json\/wp\/v2\/types\/post"}],"author":[{"embeddable":true,"href":"https:\/\/aguasurbanas.ei.udelar.edu.uy\/index.php\/wp-json\/wp\/v2\/users\/1"}],"replies":[{"embeddable":true,"href":"https:\/\/aguasurbanas.ei.udelar.edu.uy\/index.php\/wp-json\/wp\/v2\/comments?post=4901"}],"version-history":[{"count":10,"href":"https:\/\/aguasurbanas.ei.udelar.edu.uy\/index.php\/wp-json\/wp\/v2\/posts\/4901\/revisions"}],"predecessor-version":[{"id":4956,"href":"https:\/\/aguasurbanas.ei.udelar.edu.uy\/index.php\/wp-json\/wp\/v2\/posts\/4901\/revisions\/4956"}],"wp:featuredmedia":[{"embeddable":true,"href":"https:\/\/aguasurbanas.ei.udelar.edu.uy\/index.php\/wp-json\/wp\/v2\/media\/4914"}],"wp:attachment":[{"href":"https:\/\/aguasurbanas.ei.udelar.edu.uy\/index.php\/wp-json\/wp\/v2\/media?parent=4901"}],"wp:term":[{"taxonomy":"category","embeddable":true,"href":"https:\/\/aguasurbanas.ei.udelar.edu.uy\/index.php\/wp-json\/wp\/v2\/categories?post=4901"},{"taxonomy":"post_tag","embeddable":true,"href":"https:\/\/aguasurbanas.ei.udelar.edu.uy\/index.php\/wp-json\/wp\/v2\/tags?post=4901"}],"curies":[{"name":"wp","href":"https:\/\/api.w.org\/{rel}","templated":true}]}}