{"id":4767,"date":"2019-06-24T12:56:20","date_gmt":"2019-06-24T15:56:20","guid":{"rendered":"http:\/\/www.aguasurbanas.ei.udelar.edu.uy\/?p=4767"},"modified":"2019-12-02T12:06:25","modified_gmt":"2019-12-02T15:06:25","slug":"investigacion-estudiantil-que-implica-vivir-sobre-el-acuifero-guarani-desde-el-punto-de-vista-urbanistico","status":"publish","type":"post","link":"https:\/\/aguasurbanas.ei.udelar.edu.uy\/index.php\/2019\/06\/24\/investigacion-estudiantil-que-implica-vivir-sobre-el-acuifero-guarani-desde-el-punto-de-vista-urbanistico\/","title":{"rendered":"Investigaci\u00f3n estudiantil | \u00bfQu\u00e9 implica vivir sobre el Acu\u00edfero Guaran\u00ed desde el punto de vista urban\u00edstico?"},"content":{"rendered":"<p><a href=\"http:\/\/www.aguasurbanas.ei.udelar.edu.uy\/wp-content\/uploads\/2019\/06\/MAPA-inv-SAG.jpg\"><img loading=\"lazy\" decoding=\"async\" class=\"aligncenter size-full wp-image-4716\" src=\"http:\/\/www.aguasurbanas.ei.udelar.edu.uy\/wp-content\/uploads\/2019\/06\/MAPA-inv-SAG.jpg\" alt=\"MAPA-inv-SAG!\" width=\"870\" height=\"310\" srcset=\"https:\/\/aguasurbanas.ei.udelar.edu.uy\/wp-content\/uploads\/2019\/06\/MAPA-inv-SAG.jpg 870w, https:\/\/aguasurbanas.ei.udelar.edu.uy\/wp-content\/uploads\/2019\/06\/MAPA-inv-SAG-300x107.jpg 300w\" sizes=\"auto, (max-width: 870px) 100vw, 870px\" \/><\/a><\/p>\n<p>La investigaci\u00f3n <em><strong>Qu\u00e9 implica vivir sobre el Acu\u00edfero Guaran\u00ed desde el punto de vista urban\u00edstico? Caso Rivera \u2013 Santana do Livramento<\/strong><\/em> tiene como objetivo discutir sobre las implicancias urban\u00edsticas de vivir sobre el Acu\u00edfero Guaran\u00ed, una de las mayores reservas de agua subterr\u00e1nea dulce del mundo y un significativo soporte de ecosistemas. El sector estudiado Rivera y Santana do Livramento, es de especial significaci\u00f3n debido a que ambas ciudades se encuentran insertas sobre una de las zonas de mayor recarga de todo el Acu\u00edfero. All\u00ed la filtraci\u00f3n superficial del agua es muy elevada, convirti\u00e9ndola en una de las mayores fuentes de abastecimiento y en una zona de gran vulnerabilidad.<\/p>\n<p>Se recopil\u00f3 una gran cantidad de informaci\u00f3n sobre la zona, complement\u00e1ndola con entrevistas a actores entendidos sobre el tema, para conformar una base de datos interdisciplinaria, que tiene como objetivo identificar las actividades de las ciudades que afectan a la calidad y sustentabilidad del Acu\u00edfero. A partir de esta base de datos, se confecciona un mapa de vulnerabilidad y un cuadro de riesgo, control y propuesta para la zona de estudio, a tener en cuenta a la hora de intervenir en el \u00e1rea estudiada, para concretar un proyecto urban\u00edstico sobre el Acu\u00edfero que no lo da\u00f1e, que se adapte a \u00e9l y que lo potencie como recurso.<\/p>\n<p><span style=\"color: #008080;\"><a style=\"color: #008080;\" href=\"https:\/\/issuu.com\/nrv902\/docs\/investigacion_sag_\" target=\"_blank\" rel=\"noopener noreferrer\">Consultar documento&nbsp;s\u00edntesis de la Investigaci\u00f3n<\/a><\/span><\/p>\n<p>Esta investigaci\u00f3n comenz\u00f3 como trabajo acad\u00e9mico en el marco del curso de Anteproyecto V del Taller Perdomo en el a\u00f1o 2009. Al a\u00f1o siguiente, fue&nbsp;presentada al Programa de Apoyo a la Investigaci\u00f3n Estudiantil (CSIC-Udelar) y obtuvo los fondos, que se ejecutaron entre mayo y diciembre de 2010.<\/p>\n<h6>Autores investigaci\u00f3n: Sebasti\u00e1n P\u00e9rez, Cristian Ayala, Virginia Rubio, Victoria Ortiz.<br \/>\nTutor Investigaci\u00f3n: Rafael Cortazzo<br \/>\nDocentes Taller Perdomo Anteproyecto V: Paloma Nieto y Viviana D\u00edaz<\/h6>\n","protected":false},"excerpt":{"rendered":"<p>La investigaci\u00f3n Qu\u00e9 implica vivir sobre el Acu\u00edfero Guaran\u00ed desde el punto de vista urban\u00edstico? Caso Rivera \u2013 Santana do Livramento tiene como objetivo discutir sobre las implicancias urban\u00edsticas de vivir sobre el Acu\u00edfero Guaran\u00ed, una de las mayores reservas de agua subterr\u00e1nea dulce del mundo y un significativo soporte de ecosistemas. El sector estudiado Rivera y Santana do Livramento, es de especial significaci\u00f3n debido a que ambas ciudades se encuentran insertas sobre una de las zonas de mayor recarga de todo el Acu\u00edfero. All\u00ed la filtraci\u00f3n superficial del agua es muy elevada, convirti\u00e9ndola en una de las mayores fuentes de abastecimiento y en una zona de gran vulnerabilidad.<\/p>\n","protected":false},"author":1,"featured_media":4716,"comment_status":"open","ping_status":"open","sticky":false,"template":"","format":"standard","meta":{"_exactmetrics_skip_tracking":false,"_exactmetrics_sitenote_active":false,"_exactmetrics_sitenote_note":"","_exactmetrics_sitenote_category":0,"footnotes":""},"categories":[39,43],"tags":[110],"class_list":{"0":"post-4767","1":"post","2":"type-post","3":"status-publish","4":"format-standard","5":"has-post-thumbnail","7":"category-investigaciones","8":"category-noticias","9":"tag-proyecto-estudiantil","10":"czr-hentry"},"_links":{"self":[{"href":"https:\/\/aguasurbanas.ei.udelar.edu.uy\/index.php\/wp-json\/wp\/v2\/posts\/4767","targetHints":{"allow":["GET"]}}],"collection":[{"href":"https:\/\/aguasurbanas.ei.udelar.edu.uy\/index.php\/wp-json\/wp\/v2\/posts"}],"about":[{"href":"https:\/\/aguasurbanas.ei.udelar.edu.uy\/index.php\/wp-json\/wp\/v2\/types\/post"}],"author":[{"embeddable":true,"href":"https:\/\/aguasurbanas.ei.udelar.edu.uy\/index.php\/wp-json\/wp\/v2\/users\/1"}],"replies":[{"embeddable":true,"href":"https:\/\/aguasurbanas.ei.udelar.edu.uy\/index.php\/wp-json\/wp\/v2\/comments?post=4767"}],"version-history":[{"count":10,"href":"https:\/\/aguasurbanas.ei.udelar.edu.uy\/index.php\/wp-json\/wp\/v2\/posts\/4767\/revisions"}],"predecessor-version":[{"id":5009,"href":"https:\/\/aguasurbanas.ei.udelar.edu.uy\/index.php\/wp-json\/wp\/v2\/posts\/4767\/revisions\/5009"}],"wp:featuredmedia":[{"embeddable":true,"href":"https:\/\/aguasurbanas.ei.udelar.edu.uy\/index.php\/wp-json\/wp\/v2\/media\/4716"}],"wp:attachment":[{"href":"https:\/\/aguasurbanas.ei.udelar.edu.uy\/index.php\/wp-json\/wp\/v2\/media?parent=4767"}],"wp:term":[{"taxonomy":"category","embeddable":true,"href":"https:\/\/aguasurbanas.ei.udelar.edu.uy\/index.php\/wp-json\/wp\/v2\/categories?post=4767"},{"taxonomy":"post_tag","embeddable":true,"href":"https:\/\/aguasurbanas.ei.udelar.edu.uy\/index.php\/wp-json\/wp\/v2\/tags?post=4767"}],"curies":[{"name":"wp","href":"https:\/\/api.w.org\/{rel}","templated":true}]}}