{"id":4734,"date":"2019-06-24T11:13:49","date_gmt":"2019-06-24T14:13:49","guid":{"rendered":"http:\/\/www.aguasurbanas.ei.udelar.edu.uy\/?p=4734"},"modified":"2022-06-06T11:12:33","modified_gmt":"2022-06-06T14:12:33","slug":"4734","status":"publish","type":"post","link":"https:\/\/aguasurbanas.ei.udelar.edu.uy\/index.php\/2019\/06\/24\/4734\/","title":{"rendered":"Documento Aguas Urbanas y Gesti\u00f3n del Riesgo"},"content":{"rendered":"<p><a href=\"http:\/\/www.aguasurbanas.ei.udelar.edu.uy\/wp-content\/uploads\/2019\/06\/Banner-Cover.jpg\"><img loading=\"lazy\" decoding=\"async\" class=\"aligncenter size-large wp-image-4735\" src=\"http:\/\/www.aguasurbanas.ei.udelar.edu.uy\/wp-content\/uploads\/2019\/06\/Banner-Cover-1024x365.jpg\" alt=\"Banner-Cover\" width=\"1024\" height=\"365\" srcset=\"https:\/\/aguasurbanas.ei.udelar.edu.uy\/wp-content\/uploads\/2019\/06\/Banner-Cover-1024x365.jpg 1024w, https:\/\/aguasurbanas.ei.udelar.edu.uy\/wp-content\/uploads\/2019\/06\/Banner-Cover-300x107.jpg 300w, https:\/\/aguasurbanas.ei.udelar.edu.uy\/wp-content\/uploads\/2019\/06\/Banner-Cover.jpg 1740w\" sizes=\"auto, (max-width: 1024px) 100vw, 1024px\" \/><\/a><\/p>\n<p>El equipo <strong>Aguas Urbanas y Gesti\u00f3n del Riesgo<\/strong> del Instituto de Teor\u00eda de la Arquitectura y Urbanismo (ITU, FADU, UDELAR) comparte documento* sobre sus l\u00edneas de trabajo en el per\u00edodo comprendido entre los a\u00f1os 2007 y 2019.<\/p>\n<p>La relaci\u00f3n agua-ciudad es una construcci\u00f3n hist\u00f3rica que ha ido variando a lo largo del tiempo, de acuerdo a las necesidades, usos, pautas sociales y culturales. En las \u00faltimas d\u00e9cadas, la transformaci\u00f3n de los paradigmas del conocimiento han aportado nuevos elementos para la comprensi\u00f3n de las relaciones entre el sistema h\u00eddrico con sus ecosistemas asociados y el sistema urbano.<\/p>\n<p>Las inundaciones urbanas han condicionado el desarrollo de la mayor\u00eda de las ciudades del Uruguay. Esta l\u00ednea de investigaci\u00f3n desarrolla metodolog\u00edas para caracterizar la vulnerabilidad y exposici\u00f3n de las \u00e1reas inundables, indagando en el desarrollo de instrumentos de planificaci\u00f3n y gesti\u00f3n del suelo urbano en \u00e1reas de riesgo.<\/p>\n<p><a href=\"https:\/\/drive.google.com\/open?id=12cJc7bETLgBXOBeZHJZBqlME7yocepJI\" target=\"_blank\" rel=\"noopener noreferrer\"><span style=\"color: #008080;\">Consultar documento Aguas Urbanas y Gesti\u00f3n del Riesgo*<\/span><\/a><\/p>\n<p>*El documento se encuentra en etapa de construcci\u00f3n y revisi\u00f3n.<\/p>\n","protected":false},"excerpt":{"rendered":"<p>El equipo Aguas Urbanas y Gesti\u00f3n del Riesgo del Instituto de Teor\u00eda de la Arquitectura y Urbanismo (ITU, FADU, UDELAR) comparte documento sobre sus l\u00edneas de trabajo en el per\u00edodo comprendido entre los a\u00f1os 2007 y 2019.<\/p>\n","protected":false},"author":1,"featured_media":4735,"comment_status":"open","ping_status":"open","sticky":false,"template":"","format":"standard","meta":{"_exactmetrics_skip_tracking":false,"_exactmetrics_sitenote_active":false,"_exactmetrics_sitenote_note":"","_exactmetrics_sitenote_category":0,"footnotes":""},"categories":[43],"tags":[112,80],"class_list":{"0":"post-4734","1":"post","2":"type-post","3":"status-publish","4":"format-standard","5":"has-post-thumbnail","7":"category-noticias","8":"tag-aguas-urbanas-y-gestion-del-riesgo","9":"tag-inundaciones","10":"czr-hentry"},"_links":{"self":[{"href":"https:\/\/aguasurbanas.ei.udelar.edu.uy\/index.php\/wp-json\/wp\/v2\/posts\/4734","targetHints":{"allow":["GET"]}}],"collection":[{"href":"https:\/\/aguasurbanas.ei.udelar.edu.uy\/index.php\/wp-json\/wp\/v2\/posts"}],"about":[{"href":"https:\/\/aguasurbanas.ei.udelar.edu.uy\/index.php\/wp-json\/wp\/v2\/types\/post"}],"author":[{"embeddable":true,"href":"https:\/\/aguasurbanas.ei.udelar.edu.uy\/index.php\/wp-json\/wp\/v2\/users\/1"}],"replies":[{"embeddable":true,"href":"https:\/\/aguasurbanas.ei.udelar.edu.uy\/index.php\/wp-json\/wp\/v2\/comments?post=4734"}],"version-history":[{"count":7,"href":"https:\/\/aguasurbanas.ei.udelar.edu.uy\/index.php\/wp-json\/wp\/v2\/posts\/4734\/revisions"}],"predecessor-version":[{"id":5429,"href":"https:\/\/aguasurbanas.ei.udelar.edu.uy\/index.php\/wp-json\/wp\/v2\/posts\/4734\/revisions\/5429"}],"wp:featuredmedia":[{"embeddable":true,"href":"https:\/\/aguasurbanas.ei.udelar.edu.uy\/index.php\/wp-json\/wp\/v2\/media\/4735"}],"wp:attachment":[{"href":"https:\/\/aguasurbanas.ei.udelar.edu.uy\/index.php\/wp-json\/wp\/v2\/media?parent=4734"}],"wp:term":[{"taxonomy":"category","embeddable":true,"href":"https:\/\/aguasurbanas.ei.udelar.edu.uy\/index.php\/wp-json\/wp\/v2\/categories?post=4734"},{"taxonomy":"post_tag","embeddable":true,"href":"https:\/\/aguasurbanas.ei.udelar.edu.uy\/index.php\/wp-json\/wp\/v2\/tags?post=4734"}],"curies":[{"name":"wp","href":"https:\/\/api.w.org\/{rel}","templated":true}]}}