{"id":4665,"date":"2019-05-15T12:43:22","date_gmt":"2019-05-15T15:43:22","guid":{"rendered":"http:\/\/www.aguasurbanas.ei.udelar.edu.uy\/?p=4665"},"modified":"2019-05-15T12:43:53","modified_gmt":"2019-05-15T15:43:53","slug":"planificacion-por-cuencas-sustentabilidad-y-resiliencia-urbana-pua-taller-schelotto","status":"publish","type":"post","link":"https:\/\/aguasurbanas.ei.udelar.edu.uy\/index.php\/2019\/05\/15\/planificacion-por-cuencas-sustentabilidad-y-resiliencia-urbana-pua-taller-schelotto\/","title":{"rendered":"Planificaci\u00f3n por cuencas: sustentabilidad y resiliencia urbana | PUA &#8211; Taller Schelotto"},"content":{"rendered":"<p><a href=\"http:\/\/www.aguasurbanas.ei.udelar.edu.uy\/wp-content\/uploads\/2019\/05\/PUA-Schelotto.jpg\"><img loading=\"lazy\" decoding=\"async\" class=\"aligncenter size-full wp-image-4676\" src=\"http:\/\/www.aguasurbanas.ei.udelar.edu.uy\/wp-content\/uploads\/2019\/05\/PUA-Schelotto.jpg\" alt=\"PUA-Schelotto\" width=\"870\" height=\"310\" srcset=\"https:\/\/aguasurbanas.ei.udelar.edu.uy\/wp-content\/uploads\/2019\/05\/PUA-Schelotto.jpg 870w, https:\/\/aguasurbanas.ei.udelar.edu.uy\/wp-content\/uploads\/2019\/05\/PUA-Schelotto-300x107.jpg 300w\" sizes=\"auto, (max-width: 870px) 100vw, 870px\" \/><\/a><\/p>\n<p>El curso de Proyecto Urbano Avanzado del Taller Schelotto (FADU-UDELAR) en su edici\u00f3n del segundo semestre de 2018 plante\u00f3 como ejercicio la\u00a0<em><strong>Planificaci\u00f3n por cuencas,<\/strong><\/em> en donde se trabaj\u00f3 sobre\u00a0el arroyo\u00a0Malv\u00edn y sus cu\u00f1as verdes, curso de agua estructurante del territorio. Desde un abordaje integral, se reconocieron diversos espacios con potencial, considerando la sustentabilidad ambiental y la resiliencia.<\/p>\n<p><strong>Sobre el ejercicio<\/strong><\/p>\n<p>El curso de Proyecto Urbano Avanzado tiene por objetivo aproximar al estudiante a los instrumentos de ordenaci\u00f3n del territorio, a la elaboraci\u00f3n de un Plan y a la ejecuci\u00f3n de un proyecto de ciudad. \u00bfQu\u00e9 tipo de ciudad queremos y qu\u00e9 lineamientos espec\u00edficos se deber\u00e1n plantear para llegar a ella? \u00bfCu\u00e1les son los proyectos urbanos que la definen?<\/p>\n<p>En esta oportunidad se profundiza en el rol que juegan los sistemas naturales en la ciudad y se investiga en las formas que el proyecto de territorio puede potenciar su existencia. A partid de considerar los cursos de agua como elementos estructurantes del territorio y a trav\u00e9s de un abordaje integral se plantean nuevos espacios urbanos que potencian la ciudad y su desarrollo.<\/p>\n<p>Como marco del abordaje se introduce al estudiante en Planificaci\u00f3n por Cuencas, una forma contempor\u00e1nea de abordar el territorio, procurando genere intervenciones con cierta cohesi\u00f3n territorial e integralidad, dejando al descubierto problem\u00e1ticas comunes en diferentes parte de la ciudad. En el primer semestre de 2018 el taller se enfoca en la relaci\u00f3n de ciudad con sus aguas urbanas y el campo de pruebas es el Arroyo Malv\u00edn y su cuenca, una zona poco intervenida de Montevideo, pero con mucho potencial.<\/p>\n<p>Como ejercicio del curso de PUA, la cuenca del arroyo Malv\u00edn tiene una escala abarcable para los objetivos de este semestre, una cuenca urbana que se encuentra dentro de los l\u00edmites administrativos de un solo departamento, aunque igualmente ata\u00f1e a diferentes municipios. A partir de ejercicios cortos y entregas parciales se analizaron conceptos como cu\u00f1as verde, sustentabilidad ambiental y resiliencia.<\/p>\n<p>Luego de aproximarse a la tem\u00e1tica, de recaudar insumos sobre distintos enfoques y recopiliar datos del \u00e1rea, en el ejercicio central, se elaboraron ideas para un <em>Plan parcial en el entorno del arroyo Malv\u00edn<\/em>, con un abordaje integral, definiendo \u00e1mbitos de actuaci\u00f3n, subdivisi\u00f3n por tramos, prefiguraciones de ciudad proyectada, planteando lineamientos generales y proyectos estrat\u00e9gicos.<\/p>\n<p>Ver proyectos de estudiantes:<\/p>\n<p><span style=\"color: #008080;\"><strong><a style=\"color: #008080;\" href=\"https:\/\/drive.google.com\/open?id=1nvEDXIGb8Sy6Z6gnVUsxMDWOiruwGgSe\" target=\"_blank\">Mol\u00e9cula Urbana<\/a><\/strong><\/span><br \/>\nCamila Bobadilla, Paula Fern\u00e1ndez, Patricia Larrategui<\/p>\n<p><span style=\"color: #008080;\"><strong><a style=\"color: #008080;\" href=\"https:\/\/drive.google.com\/open?id=14bMv4-xdq7X8HV8eUHTgeY3sAWlOWni2\" target=\"_blank\">Plan<\/a><\/strong><\/span><br \/>\nChristian Aguero, Nicol\u00e1s Cacciatori, Tob\u00edas\u00a0Esperon<\/p>\n<p><span style=\"color: #008080;\"><a style=\"color: #008080;\" href=\"https:\/\/drive.google.com\/open?id=1C7QOzIecu4y2NHp3QVozy5MX8yUiif2m\" target=\"_blank\"><strong>H\u00e1bitat y vivienda<\/strong><\/a><\/span><br \/>\nJoaqu\u00edn Lema, Martin Machado<\/p>\n<p><span style=\"color: #008080;\"><a style=\"color: #008080;\" href=\"https:\/\/drive.google.com\/open?id=1L24G6dK3PEBGjdwkO8Hv6IjB3R0iyTfv\" target=\"_blank\"><strong>Cuenca Malv\u00edn<\/strong><\/a><\/span><br \/>\nSergio Dogiotti, Andrea Mart\u00ednez, Guillermo\u00a0S\u00e1nchez<\/p>\n<p><span style=\"color: #008080;\"><strong><a style=\"color: #008080;\" href=\"https:\/\/drive.google.com\/open?id=1VjvS7Zi5FiupRagGrBgPhksY-oRs7oYC\" target=\"_blank\">Sin t\u00edtulo<\/a><\/strong><\/span><br \/>\nCarlos Garc\u00eda, Gabriel Mart\u00ednez, Esteban Vigna<\/p>\n<p><span style=\"color: #008080;\"><br \/>\n<a style=\"color: #008080;\" href=\"http:\/\/proyectourbanoavanzadoschelotto.blogspot.com\/2018\/08\/planificacion-por-cuencas-2018semestre-1.html\" target=\"_blank\">Consultar todas las propuestas<\/a><\/span><\/p>\n<p><span style=\"color: #008080;\"><a style=\"color: #008080;\" href=\"http:\/\/tallerschelotto.com\/curso\/pu\/\" target=\"_blank\">M\u00e1s informaci\u00f3n sobre PUA\u00a0Taller Schelotto<\/a><\/span><\/p>\n<h6>Equipo docente: \u00c1lvaro Trillo (coordinador) Johana Hernandez Araque, Marta Revetria, Luc\u00eda Otaz\u00fa, Daniel Quevedo<br \/>\nImagen de portada: Mol\u00e9cula Urbana, de Camila Bobadilla, Paula Fern\u00e1ndez, Patricia Larrategui.<\/h6>\n","protected":false},"excerpt":{"rendered":"<p>El curso de Proyecto Urbano Avanzado del Taller Schelotto (FADU-UDELAR) en su edici\u00f3n del segundo semestre de 2018 plante\u00f3 como ejercicio la Planificaci\u00f3n por cuencas, en donde se trabaj\u00f3 sobre el arroyo Malv\u00edn y sus cu\u00f1as verdes, curso de agua estructurante del territorio. Desde un abordaje integral, se reconocieron diversos espacios con potencial, considerando la sustentabilidad ambiental y la resiliencia.<\/p>\n","protected":false},"author":1,"featured_media":4676,"comment_status":"open","ping_status":"open","sticky":false,"template":"","format":"standard","meta":{"_exactmetrics_skip_tracking":false,"_exactmetrics_sitenote_active":false,"_exactmetrics_sitenote_note":"","_exactmetrics_sitenote_category":0,"footnotes":""},"categories":[49,43],"tags":[],"class_list":{"0":"post-4665","1":"post","2":"type-post","3":"status-publish","4":"format-standard","5":"has-post-thumbnail","7":"category-exploraciones","8":"category-noticias","9":"czr-hentry"},"_links":{"self":[{"href":"https:\/\/aguasurbanas.ei.udelar.edu.uy\/index.php\/wp-json\/wp\/v2\/posts\/4665","targetHints":{"allow":["GET"]}}],"collection":[{"href":"https:\/\/aguasurbanas.ei.udelar.edu.uy\/index.php\/wp-json\/wp\/v2\/posts"}],"about":[{"href":"https:\/\/aguasurbanas.ei.udelar.edu.uy\/index.php\/wp-json\/wp\/v2\/types\/post"}],"author":[{"embeddable":true,"href":"https:\/\/aguasurbanas.ei.udelar.edu.uy\/index.php\/wp-json\/wp\/v2\/users\/1"}],"replies":[{"embeddable":true,"href":"https:\/\/aguasurbanas.ei.udelar.edu.uy\/index.php\/wp-json\/wp\/v2\/comments?post=4665"}],"version-history":[{"count":11,"href":"https:\/\/aguasurbanas.ei.udelar.edu.uy\/index.php\/wp-json\/wp\/v2\/posts\/4665\/revisions"}],"predecessor-version":[{"id":4678,"href":"https:\/\/aguasurbanas.ei.udelar.edu.uy\/index.php\/wp-json\/wp\/v2\/posts\/4665\/revisions\/4678"}],"wp:featuredmedia":[{"embeddable":true,"href":"https:\/\/aguasurbanas.ei.udelar.edu.uy\/index.php\/wp-json\/wp\/v2\/media\/4676"}],"wp:attachment":[{"href":"https:\/\/aguasurbanas.ei.udelar.edu.uy\/index.php\/wp-json\/wp\/v2\/media?parent=4665"}],"wp:term":[{"taxonomy":"category","embeddable":true,"href":"https:\/\/aguasurbanas.ei.udelar.edu.uy\/index.php\/wp-json\/wp\/v2\/categories?post=4665"},{"taxonomy":"post_tag","embeddable":true,"href":"https:\/\/aguasurbanas.ei.udelar.edu.uy\/index.php\/wp-json\/wp\/v2\/tags?post=4665"}],"curies":[{"name":"wp","href":"https:\/\/api.w.org\/{rel}","templated":true}]}}