{"id":4611,"date":"2019-04-02T12:44:50","date_gmt":"2019-04-02T15:44:50","guid":{"rendered":"http:\/\/www.aguasurbanas.ei.udelar.edu.uy\/?p=4611"},"modified":"2019-12-02T11:30:31","modified_gmt":"2019-12-02T14:30:31","slug":"presentacion-de-resultados-del-programa-de-iniciacion-a-la-investigacion-interisciplinaria-para-estudiantes-de-grado-2018","status":"publish","type":"post","link":"https:\/\/aguasurbanas.ei.udelar.edu.uy\/index.php\/2019\/04\/02\/presentacion-de-resultados-del-programa-de-iniciacion-a-la-investigacion-interisciplinaria-para-estudiantes-de-grado-2018\/","title":{"rendered":"Presentaci\u00f3n de resultados del Programa de Iniciaci\u00f3n a la Investigaci\u00f3n Interisciplinaria para estudiantes de grado 2018"},"content":{"rendered":"<p><a href=\"http:\/\/www.aguasurbanas.ei.udelar.edu.uy\/wp-content\/uploads\/2018\/10\/Identidad_programas_EV-1.jpg\"><img loading=\"lazy\" decoding=\"async\" class=\"aligncenter size-full wp-image-4266\" src=\"http:\/\/www.aguasurbanas.ei.udelar.edu.uy\/wp-content\/uploads\/2018\/10\/Identidad_programas_EV-1.jpg\" alt=\"Identidad_programas_EV-1\" width=\"870\" height=\"310\" srcset=\"https:\/\/aguasurbanas.ei.udelar.edu.uy\/wp-content\/uploads\/2018\/10\/Identidad_programas_EV-1.jpg 870w, https:\/\/aguasurbanas.ei.udelar.edu.uy\/wp-content\/uploads\/2018\/10\/Identidad_programas_EV-1-300x107.jpg 300w\" sizes=\"auto, (max-width: 870px) 100vw, 870px\" \/><\/a><\/p>\n<p>El pasado lunes 25 de marzo se llev\u00f3 a cabo en el Espacio Interdisciplinario, la presentaci\u00f3n de resultados de los estudiantes que forman parte de nuestro n\u00facleo en el marco del <strong>Programa de Iniciaci\u00f3n a la Investigaci\u00f3n interdisciplinaria para Estudiantes de Grado 2018.<\/strong><\/p>\n<p><strong><span style=\"color: #008080;\"><a style=\"color: #008080;\" href=\"https:\/\/drive.google.com\/open?id=0B3CejxPPLKvrbFQ5SFVZMnRYQlUxRng2UjJnRzQycjE3WDdB\" target=\"_blank\" rel=\"noopener noreferrer\">Ver presentaci\u00f3n Enzo Cavalli &#8211; Luca Praderio<\/a><\/span><\/strong><\/p>\n<p><strong>El Programa de Iniciaci\u00f3n a la Investigaci\u00f3n interdisciplinaria para Estudiantes de Grado,<\/strong> tiene como objetivo apoyar la participaci\u00f3n de estudiantes calificados en actividades de investigaci\u00f3n propuestas por N\u00facleos y Centros del Espacio Interdisciplinario.<\/p>\n<p><span style=\"color: #008080;\"><a style=\"color: #008080;\" href=\"https:\/\/ei.udelar.edu.uy\/programa-financiamiento\/programa-de-iniciacion-la-investigacion-interdisciplinaria-para-estudiantes\" target=\"_blank\" rel=\"noopener noreferrer\">M\u00e1s informaci\u00f3n<\/a><\/span><\/p>\n","protected":false},"excerpt":{"rendered":"<p>El pasado lunes 25 de marzo se llev\u00f3 a cabo en el Espacio Interdisciplinario, la presentaci\u00f3n de resultados de los estudiantes que forman parte de nuestro n\u00facleo en el marco del Programa de Iniciaci\u00f3n a la Investigaci\u00f3n interdisciplinaria para Estudiantes de Grado 2018.<\/p>\n","protected":false},"author":1,"featured_media":4266,"comment_status":"open","ping_status":"open","sticky":false,"template":"","format":"standard","meta":{"_exactmetrics_skip_tracking":false,"_exactmetrics_sitenote_active":false,"_exactmetrics_sitenote_note":"","_exactmetrics_sitenote_category":0,"footnotes":""},"categories":[43],"tags":[109],"class_list":{"0":"post-4611","1":"post","2":"type-post","3":"status-publish","4":"format-standard","5":"has-post-thumbnail","7":"category-noticias","8":"tag-espacio-interdisciplinario","9":"czr-hentry"},"_links":{"self":[{"href":"https:\/\/aguasurbanas.ei.udelar.edu.uy\/index.php\/wp-json\/wp\/v2\/posts\/4611","targetHints":{"allow":["GET"]}}],"collection":[{"href":"https:\/\/aguasurbanas.ei.udelar.edu.uy\/index.php\/wp-json\/wp\/v2\/posts"}],"about":[{"href":"https:\/\/aguasurbanas.ei.udelar.edu.uy\/index.php\/wp-json\/wp\/v2\/types\/post"}],"author":[{"embeddable":true,"href":"https:\/\/aguasurbanas.ei.udelar.edu.uy\/index.php\/wp-json\/wp\/v2\/users\/1"}],"replies":[{"embeddable":true,"href":"https:\/\/aguasurbanas.ei.udelar.edu.uy\/index.php\/wp-json\/wp\/v2\/comments?post=4611"}],"version-history":[{"count":4,"href":"https:\/\/aguasurbanas.ei.udelar.edu.uy\/index.php\/wp-json\/wp\/v2\/posts\/4611\/revisions"}],"predecessor-version":[{"id":4991,"href":"https:\/\/aguasurbanas.ei.udelar.edu.uy\/index.php\/wp-json\/wp\/v2\/posts\/4611\/revisions\/4991"}],"wp:featuredmedia":[{"embeddable":true,"href":"https:\/\/aguasurbanas.ei.udelar.edu.uy\/index.php\/wp-json\/wp\/v2\/media\/4266"}],"wp:attachment":[{"href":"https:\/\/aguasurbanas.ei.udelar.edu.uy\/index.php\/wp-json\/wp\/v2\/media?parent=4611"}],"wp:term":[{"taxonomy":"category","embeddable":true,"href":"https:\/\/aguasurbanas.ei.udelar.edu.uy\/index.php\/wp-json\/wp\/v2\/categories?post=4611"},{"taxonomy":"post_tag","embeddable":true,"href":"https:\/\/aguasurbanas.ei.udelar.edu.uy\/index.php\/wp-json\/wp\/v2\/tags?post=4611"}],"curies":[{"name":"wp","href":"https:\/\/api.w.org\/{rel}","templated":true}]}}