{"id":4569,"date":"2019-02-20T11:00:36","date_gmt":"2019-02-20T14:00:36","guid":{"rendered":"http:\/\/www.aguasurbanas.ei.udelar.edu.uy\/?p=4569"},"modified":"2019-12-02T12:05:51","modified_gmt":"2019-12-02T15:05:51","slug":"instrumentos-de-ot-y-ds-pua-taller-velazquez","status":"publish","type":"post","link":"https:\/\/aguasurbanas.ei.udelar.edu.uy\/index.php\/2019\/02\/20\/instrumentos-de-ot-y-ds-pua-taller-velazquez\/","title":{"rendered":"Instrumentos de OT y DS | PUA &#8211; Taller Vel\u00e1zquez"},"content":{"rendered":"<p><a href=\"http:\/\/www.aguasurbanas.ei.udelar.edu.uy\/wp-content\/uploads\/2019\/02\/PUA-2018-S2-Espiga-Perdomo-Segarra-Tost1.jpg\"><img loading=\"lazy\" decoding=\"async\" class=\"aligncenter size-full wp-image-4577\" src=\"http:\/\/www.aguasurbanas.ei.udelar.edu.uy\/wp-content\/uploads\/2019\/02\/PUA-2018-S2-Espiga-Perdomo-Segarra-Tost1.jpg\" alt=\"PUA-2018-S2-Espiga-Perdomo-Segarra-Tost\" width=\"870\" height=\"310\" srcset=\"https:\/\/aguasurbanas.ei.udelar.edu.uy\/wp-content\/uploads\/2019\/02\/PUA-2018-S2-Espiga-Perdomo-Segarra-Tost1.jpg 870w, https:\/\/aguasurbanas.ei.udelar.edu.uy\/wp-content\/uploads\/2019\/02\/PUA-2018-S2-Espiga-Perdomo-Segarra-Tost1-300x107.jpg 300w\" sizes=\"auto, (max-width: 870px) 100vw, 870px\" \/><\/a><\/p>\n<p>El curso de Proyecto Urbano y Territorial Avanzado, del taller Vel\u00e1zquez (FADU-UDELAR) propone reflexionar sobre el h\u00e1bitat sustentable desde el abordaje territorial interdisciplinar t\u00e9cnico y jur\u00eddico de inter\u00e9s multiactoral e interinstitucional.<\/p>\n<p>Durante el desarrollo del curso se espera que el estudiante desarrolle sus propios enfoques de forma cr\u00edtico-creativa en cuanto a la comprensi\u00f3n multiescalar, multidimensional y multiactoral, de las problem\u00e1ticas urbano-territoriales y los instrumentos de ordenamiento territorial, no desde un paradigma referencial en particular, sino desde una integraci\u00f3n de abordajes e instrumentos libremente articulada y consistente en s\u00ed misma.<\/p>\n<p>Ver proyectos de estudiantes:<\/p>\n<p><span style=\"color: #008080;\"><em><strong><a style=\"color: #008080;\" href=\"https:\/\/drive.google.com\/file\/d\/0B5tne4StgL-EMUZTSFl1X1VVQjhYVXFXb3ZRMzZYQ0F3WlVJ\/view\" target=\"_blank\" rel=\"noopener noreferrer\">Plan parcial Arroyo Pantanoso<\/a><\/strong><\/em><\/span><br \/>\nMaximiliano Andrade, Mauricio At\u00e1n, Diego Rodr\u00edguez, Camilo Torterola<\/p>\n<p><a href=\"https:\/\/drive.google.com\/file\/d\/0B5tne4StgL-Ea0J5Tzg0eXJvdGgxNzFGQWhyTmI4N0cwakk0\/view\" target=\"_blank\" rel=\"noopener noreferrer\"><em><strong><span style=\"color: #008080;\">Cuenc\u00e1polis. Plan sectorial cuenca del R\u00edo Y\u00ed<br \/>\n<\/span><\/strong><\/em><\/a>Javier Addiego, Gabriela G\u00f3mez<\/p>\n<p><span style=\"color: #008080;\"><em><strong><a style=\"color: #008080;\" href=\"https:\/\/drive.google.com\/file\/d\/0B5tne4StgL-EZXlzYVV3SzhrVnZOZXl5ZjJzdkg4SDFPMmlN\/view\" target=\"_blank\" rel=\"noopener noreferrer\">Plan sectorial de conservaci\u00f3n Laguna&nbsp;Garz\u00f3n&nbsp;&#8211; Laguna de Rocha<\/a><\/strong><\/em><\/span><br \/>\nSilvina Alpino, Tiago Macach\u00edn<\/p>\n<p><span style=\"color: #008080;\"><a style=\"color: #008080;\" href=\"https:\/\/drive.google.com\/file\/d\/1xbf5zyaUoq1OrKiTnv1tfyicyiT2gLUk\/view\" target=\"_blank\" rel=\"noopener noreferrer\"><em><strong>Rehabilitaci\u00f3n y uso de la cuenca del Arroyo Carrasco<\/strong><\/em><\/a><\/span><br \/>\nCamila Pintado<\/p>\n<p><span style=\"color: #008080;\"><em><strong><a style=\"color: #008080;\" href=\"https:\/\/drive.google.com\/file\/d\/0B5tne4StgL-EQnRSQWtDTmVWYmRTUk8tVFFEV05FOEhBR1dz\/view\" target=\"_blank\" rel=\"noopener noreferrer\">Gesti\u00f3n de las inundaciones urbanas<\/a><\/strong><\/em><\/span><br \/>\nLeandro Espiga, Florencia Perdomo, Ana Tost, Florencia Segarra<\/p>\n<p><span style=\"color: #008080;\"><em><strong><a style=\"color: #008080;\" href=\"https:\/\/drive.google.com\/file\/d\/0B5tne4StgL-EbVQzSEprTk9BMTFnZEJKd2NCVTlac0lvdzE4\/view\" target=\"_blank\" rel=\"noopener noreferrer\">Plan parcial borde costero ciudad de Paysand\u00fa<br \/>\n<\/a><\/strong><\/em><\/span>Dylan P\u00e9rez, Javier Varela, Pablo Verde<\/p>\n<p><span style=\"color: #008080;\"><a style=\"color: #008080;\" href=\"http:\/\/tallervelazquez.edu.uy\/index.php\/proyectos\/pua\/pua-2-2018\/\" target=\"_blank\" rel=\"noopener noreferrer\">M\u00e1s informaci\u00f3n sobre&nbsp;PUA Taller Vel\u00e1zquez<\/a><\/span><\/p>\n<h6>Docentes:&nbsp;Gonzalo Balarini, Paloma Nieto, Fernanda Goyos, Carolina Lecuna, Silvana Gordano.&nbsp;Ayudante:&nbsp;Luc\u00eda Facio<\/h6>\n","protected":false},"excerpt":{"rendered":"<p>El curso de Proyecto Urbano y Territorial Avanzado, del taller Vel\u00e1zquez (FADU-UDELAR) propone reflexionar sobre el h\u00e1bitat sustentable desde el abordaje territorial interdisciplinar t\u00e9cnico y jur\u00eddico de inter\u00e9s multiactoral e interinstitucional.<\/p>\n<p>Ver proyectos de estudiantes:<\/p>\n","protected":false},"author":1,"featured_media":4577,"comment_status":"open","ping_status":"open","sticky":false,"template":"","format":"standard","meta":{"_exactmetrics_skip_tracking":false,"_exactmetrics_sitenote_active":false,"_exactmetrics_sitenote_note":"","_exactmetrics_sitenote_category":0,"footnotes":""},"categories":[49,43],"tags":[110],"class_list":{"0":"post-4569","1":"post","2":"type-post","3":"status-publish","4":"format-standard","5":"has-post-thumbnail","7":"category-exploraciones","8":"category-noticias","9":"tag-proyecto-estudiantil","10":"czr-hentry"},"_links":{"self":[{"href":"https:\/\/aguasurbanas.ei.udelar.edu.uy\/index.php\/wp-json\/wp\/v2\/posts\/4569","targetHints":{"allow":["GET"]}}],"collection":[{"href":"https:\/\/aguasurbanas.ei.udelar.edu.uy\/index.php\/wp-json\/wp\/v2\/posts"}],"about":[{"href":"https:\/\/aguasurbanas.ei.udelar.edu.uy\/index.php\/wp-json\/wp\/v2\/types\/post"}],"author":[{"embeddable":true,"href":"https:\/\/aguasurbanas.ei.udelar.edu.uy\/index.php\/wp-json\/wp\/v2\/users\/1"}],"replies":[{"embeddable":true,"href":"https:\/\/aguasurbanas.ei.udelar.edu.uy\/index.php\/wp-json\/wp\/v2\/comments?post=4569"}],"version-history":[{"count":15,"href":"https:\/\/aguasurbanas.ei.udelar.edu.uy\/index.php\/wp-json\/wp\/v2\/posts\/4569\/revisions"}],"predecessor-version":[{"id":5005,"href":"https:\/\/aguasurbanas.ei.udelar.edu.uy\/index.php\/wp-json\/wp\/v2\/posts\/4569\/revisions\/5005"}],"wp:featuredmedia":[{"embeddable":true,"href":"https:\/\/aguasurbanas.ei.udelar.edu.uy\/index.php\/wp-json\/wp\/v2\/media\/4577"}],"wp:attachment":[{"href":"https:\/\/aguasurbanas.ei.udelar.edu.uy\/index.php\/wp-json\/wp\/v2\/media?parent=4569"}],"wp:term":[{"taxonomy":"category","embeddable":true,"href":"https:\/\/aguasurbanas.ei.udelar.edu.uy\/index.php\/wp-json\/wp\/v2\/categories?post=4569"},{"taxonomy":"post_tag","embeddable":true,"href":"https:\/\/aguasurbanas.ei.udelar.edu.uy\/index.php\/wp-json\/wp\/v2\/tags?post=4569"}],"curies":[{"name":"wp","href":"https:\/\/api.w.org\/{rel}","templated":true}]}}