{"id":4538,"date":"2019-01-31T11:57:53","date_gmt":"2019-01-31T14:57:53","guid":{"rendered":"http:\/\/www.aguasurbanas.ei.udelar.edu.uy\/?p=4538"},"modified":"2019-12-02T12:02:46","modified_gmt":"2019-12-02T15:02:46","slug":"tierra-liquida-pte-taller-articardi","status":"publish","type":"post","link":"https:\/\/aguasurbanas.ei.udelar.edu.uy\/index.php\/2019\/01\/31\/tierra-liquida-pte-taller-articardi\/","title":{"rendered":"Tierra L\u00edquida | PTE Arquitectura del Paisaje, Taller Articardi"},"content":{"rendered":"<p><a href=\"http:\/\/www.aguasurbanas.ei.udelar.edu.uy\/wp-content\/uploads\/2019\/01\/ARRASCAETA-MENDOZA-ROBAINA.jpg\"><img loading=\"lazy\" decoding=\"async\" class=\"size-full wp-image-4542 aligncenter\" src=\"http:\/\/www.aguasurbanas.ei.udelar.edu.uy\/wp-content\/uploads\/2019\/01\/ARRASCAETA-MENDOZA-ROBAINA.jpg\" alt=\"ARRASCAETA-MENDOZA-ROBAINA\" width=\"870\" height=\"310\" srcset=\"https:\/\/aguasurbanas.ei.udelar.edu.uy\/wp-content\/uploads\/2019\/01\/ARRASCAETA-MENDOZA-ROBAINA.jpg 870w, https:\/\/aguasurbanas.ei.udelar.edu.uy\/wp-content\/uploads\/2019\/01\/ARRASCAETA-MENDOZA-ROBAINA-300x107.jpg 300w\" sizes=\"auto, (max-width: 870px) 100vw, 870px\" \/><\/a><\/p>\n<p>El curso de Proyecto Tema Espec\u00edfico Arquitectura del Paisaje, del taller Articardi (FADU-UDELAR) propone reflexionar desde el ejercicio de proyecto acerca de la frontera disciplinar entre arquitectura y paisaje y entre paisaje y urbanismo, con los objetivos de:<\/p>\n<p>. Ensayar problemas de proyecto desde el paradigma del paisaje.<br \/>\n. Estimular la comprensi\u00f3n de la complejidad [interdependencia \/ multidimensionalidad \/ continuidad&nbsp; \/ multiescalaridad espacio-temporal] inherente al proyecto contempor\u00e1neo de arquitectura del paisaje.<br \/>\n. Reconocer la necesidad de operar a partir de un mirada multi-interdisciplinar.<br \/>\n. Abordar la problem\u00e1tica del espacio p\u00fablico a partir del reconocimiento de los elementos que componen lo <em>publico<\/em>&nbsp;en el espacio urbano contempor\u00e1neo.<\/p>\n<p>Los territorios fluviales se caracterizan por su fluctuaci\u00f3n entre lo aparentemente s\u00f3lido, firme y estable y lo l\u00edquido, barroso e incierto. <em><strong>Tierra L\u00edquida<\/strong><\/em>, como propuesta de indagaci\u00f3n proyectual, invita a explorar la condici\u00f3n h\u00edbrida de paisajes en los que el agua es un actor de primer orden en la relaci\u00f3n entre humanos y no humanos.<\/p>\n<p>Proyectar con el agua implica asumir lo fluctuante, lo mutable, lo inacabado, lo informe, lo incierto; asumir sus ritmos, sus momentos de expansi\u00f3n o de casi desaparici\u00f3n, su potencial y su fragilidad. No se trata ya de abordar el proyecto de parques lineales, programados y relativamente estables, sino del desarrollo de sistemas de infraestructuras paisaj\u00edsticas adaptables y evolutivas que mejoren la relaci\u00f3n de las aglomeraciones urbanas con el agua y las condiciones para la vida. Se explora por tanto, el proyecto de espacios de interfaz agua-ciudad, desde un abordaje centrado en las infraestructuras paisaj\u00edsticas en sus m\u00faltiples escalas y materialidades (desde lo inerte a lo vivo), configurando espacios de lo p\u00fablico adaptables a la variabilidad del agua.<\/p>\n<p>Ver proyectos de estudiantes:<\/p>\n<p><span style=\"color: #008080;\"><em><strong><a style=\"color: #008080;\" href=\"http:\/\/www.fadu.edu.uy\/tallerarticardi\/wp-content\/uploads\/2019\/02\/2018_Sem2_ARRASCAETA-MENDOZA-ROBAINA.jpg\" target=\"_blank\" rel=\"noopener noreferrer\">Parque Meandro<\/a><\/strong><\/em><\/span><br \/>\nRodrigo Arrascaeta, Karen Mendoza, Mart\u00edn Robaina<\/p>\n<p><a href=\"http:\/\/www.fadu.edu.uy\/tallerarticardi\/wp-content\/uploads\/2019\/02\/2018_Sem2_GUASQUE-MACH%C3%8DN-TEMESIO.jpg\" target=\"_blank\" rel=\"noopener noreferrer\"><em><strong><span style=\"color: #008080;\">Parque de las conexiones<\/span><\/strong><\/em><\/a><br \/>\nFabricio Guasque, Guillermo Mach\u00edn, Diego Temesio<\/p>\n<p><span style=\"color: #008080;\"><em><strong><a style=\"color: #008080;\" href=\"http:\/\/www.fadu.edu.uy\/tallerarticardi\/wp-content\/uploads\/2019\/02\/2018_Sem2_BELMAR-ECHEVERRIA-MONTA%C3%91O.jpg\" target=\"_blank\" rel=\"noopener noreferrer\">Parque de las sensaciones<\/a><\/strong><\/em><\/span><br \/>\nGabriela Belmar, Leticia Echeverr\u00eda, Patricia Monta\u00f1o<\/p>\n<p><span style=\"color: #008080;\"><a style=\"color: #008080;\" href=\"http:\/\/www.fadu.edu.uy\/tallerarticardi\/wp-content\/uploads\/2019\/02\/2018_Sem2_DE-SOUZA-FUENTES-ROQUE.jpg\" target=\"_blank\" rel=\"noopener noreferrer\"><em><strong>Parque anfibio<\/strong><\/em><\/a><\/span><br \/>\nAna Laura De Souza, Esther Fuentes, Giselle Roque<\/p>\n<p><span style=\"color: #008080;\"><em><strong><a style=\"color: #008080;\" href=\"http:\/\/www.fadu.edu.uy\/tallerarticardi\/wp-content\/uploads\/2019\/02\/2018_Sem2_CARRASCO-PUGLISI.jpg\" target=\"_blank\" rel=\"noopener noreferrer\">Parque de las agregaciones<\/a><\/strong><\/em><\/span><br \/>\nCristina Carrasco, Lenina Puglisi<\/p>\n<p><span style=\"color: #008080;\"><em><strong><a style=\"color: #008080;\" href=\"http:\/\/www.fadu.edu.uy\/tallerarticardi\/wp-content\/uploads\/2019\/02\/2018_Sem2_BENITEZ-BLANCO-MARQUEZ.jpg\" target=\"_blank\" rel=\"noopener noreferrer\">Parque flotante<\/a><\/strong><\/em><\/span><br \/>\nGast\u00f3n Ben\u00edtez, Guillermo Blanco, Camila M\u00e1rquez<\/p>\n<p><a href=\"https:\/\/drive.google.com\/open?id=0B3CejxPPLKvrZ2tOUHV4V0JoMlE0S2lUQXN0X2wtdFhoelA0\" target=\"_blank\" rel=\"noopener noreferrer\"><span style=\"color: #008080;\">M\u00e1s informaci\u00f3n sobre <\/span><em><strong><span style=\"color: #008080;\">Tierra L\u00edquida<\/span>&nbsp;<\/strong><\/em><\/a><\/p>\n<p><span style=\"color: #008080;\"><a style=\"color: #008080;\" href=\"http:\/\/www.fadu.edu.uy\/tallerarticardi\/pte\/\" target=\"_blank\" rel=\"noopener noreferrer\">M\u00e1s informaci\u00f3n sobre&nbsp;PTE Arquitectura del Paisaje Taller Articardi<\/a><\/span><\/p>\n<h6>Equipo docente: Sandra Segovia (responsable) Luis Contenti, Carla Ben\u00edtez, Carla Miranda.<br \/>\nDocente invitada: Norma Piazza.<br \/>\nImagen de portada:&nbsp;Parque Meandro, de Rodrigo Arrascaeta, Karen Mendoza y Mart\u00edn Robaina.<\/h6>\n","protected":false},"excerpt":{"rendered":"<p>El curso de Proyecto Tema Espec\u00edfico Arquitectura del Paisaje, del taller Articardi (FADU-UDELAR) propone reflexionar desde el ejercicio de proyecto acerca de la frontera disciplinar entre arquitectura y paisaje y entre paisaje y urbanismo. Tierra L\u00edquida, como propuesta de indagaci\u00f3n proyectual, invita a explorar la condici\u00f3n h\u00edbrida de paisajes en los que el agua es un actor de primer orden en la relaci\u00f3n entre humanos y no humanos. <\/p>\n<p>Se explora el proyecto de espacios de interfaz agua-ciudad, desde un abordaje centrado en las infraestructuras paisaj\u00edsticas en sus m\u00faltiples escalas y materialidades (desde lo inerte a lo vivo), configurando espacios de lo p\u00fablico adaptables a la variabilidad del agua.<\/p>\n","protected":false},"author":1,"featured_media":4542,"comment_status":"open","ping_status":"open","sticky":false,"template":"","format":"standard","meta":{"_exactmetrics_skip_tracking":false,"_exactmetrics_sitenote_active":false,"_exactmetrics_sitenote_note":"","_exactmetrics_sitenote_category":0,"footnotes":""},"categories":[49,43],"tags":[110],"class_list":{"0":"post-4538","1":"post","2":"type-post","3":"status-publish","4":"format-standard","5":"has-post-thumbnail","7":"category-exploraciones","8":"category-noticias","9":"tag-proyecto-estudiantil","10":"czr-hentry"},"_links":{"self":[{"href":"https:\/\/aguasurbanas.ei.udelar.edu.uy\/index.php\/wp-json\/wp\/v2\/posts\/4538","targetHints":{"allow":["GET"]}}],"collection":[{"href":"https:\/\/aguasurbanas.ei.udelar.edu.uy\/index.php\/wp-json\/wp\/v2\/posts"}],"about":[{"href":"https:\/\/aguasurbanas.ei.udelar.edu.uy\/index.php\/wp-json\/wp\/v2\/types\/post"}],"author":[{"embeddable":true,"href":"https:\/\/aguasurbanas.ei.udelar.edu.uy\/index.php\/wp-json\/wp\/v2\/users\/1"}],"replies":[{"embeddable":true,"href":"https:\/\/aguasurbanas.ei.udelar.edu.uy\/index.php\/wp-json\/wp\/v2\/comments?post=4538"}],"version-history":[{"count":17,"href":"https:\/\/aguasurbanas.ei.udelar.edu.uy\/index.php\/wp-json\/wp\/v2\/posts\/4538\/revisions"}],"predecessor-version":[{"id":5006,"href":"https:\/\/aguasurbanas.ei.udelar.edu.uy\/index.php\/wp-json\/wp\/v2\/posts\/4538\/revisions\/5006"}],"wp:featuredmedia":[{"embeddable":true,"href":"https:\/\/aguasurbanas.ei.udelar.edu.uy\/index.php\/wp-json\/wp\/v2\/media\/4542"}],"wp:attachment":[{"href":"https:\/\/aguasurbanas.ei.udelar.edu.uy\/index.php\/wp-json\/wp\/v2\/media?parent=4538"}],"wp:term":[{"taxonomy":"category","embeddable":true,"href":"https:\/\/aguasurbanas.ei.udelar.edu.uy\/index.php\/wp-json\/wp\/v2\/categories?post=4538"},{"taxonomy":"post_tag","embeddable":true,"href":"https:\/\/aguasurbanas.ei.udelar.edu.uy\/index.php\/wp-json\/wp\/v2\/tags?post=4538"}],"curies":[{"name":"wp","href":"https:\/\/api.w.org\/{rel}","templated":true}]}}