{"id":2613,"date":"2016-08-23T14:34:42","date_gmt":"2016-08-23T14:34:42","guid":{"rendered":"http:\/\/www.aguasurbanas.ei.udelar.edu.uy\/?p=2613"},"modified":"2018-07-10T15:01:59","modified_gmt":"2018-07-10T15:01:59","slug":"saneamiento-ecologico-en-asentamientos-irregulares","status":"publish","type":"post","link":"https:\/\/aguasurbanas.ei.udelar.edu.uy\/index.php\/2016\/08\/23\/saneamiento-ecologico-en-asentamientos-irregulares\/","title":{"rendered":"Tesina estudiantil | Saneamiento ecol\u00f3gico en asentamientos irregulares"},"content":{"rendered":"<p><a href=\"http:\/\/www.aguasurbanas.ei.udelar.edu.uy\/wp-content\/uploads\/2016\/08\/ENTREGA-TESINA-ROLDAN-VIERA-portada.jpg\"><img loading=\"lazy\" decoding=\"async\" class=\"size-large wp-image-2615 aligncenter\" src=\"http:\/\/www.aguasurbanas.ei.udelar.edu.uy\/wp-content\/uploads\/2016\/08\/ENTREGA-TESINA-ROLDAN-VIERA-portada-1024x365.jpg\" alt=\"ENTREGA TESINA ROLDAN VIERA portada\" width=\"1024\" height=\"365\" srcset=\"https:\/\/aguasurbanas.ei.udelar.edu.uy\/wp-content\/uploads\/2016\/08\/ENTREGA-TESINA-ROLDAN-VIERA-portada-1024x365.jpg 1024w, https:\/\/aguasurbanas.ei.udelar.edu.uy\/wp-content\/uploads\/2016\/08\/ENTREGA-TESINA-ROLDAN-VIERA-portada-300x107.jpg 300w, https:\/\/aguasurbanas.ei.udelar.edu.uy\/wp-content\/uploads\/2016\/08\/ENTREGA-TESINA-ROLDAN-VIERA-portada.jpg 1740w\" sizes=\"auto, (max-width: 1024px) 100vw, 1024px\" \/><\/a><\/p>\n<p><strong>APORTES EN LA PLANIFICACI\u00d3N TERRITORIAL Y RECALIFICACI\u00d3N ESPACIAL DE LOS ASENTAMIENTOS EL MONARCA, LA RINCONADA, AL PASO HONDO Y VILLA ISABEL<\/strong><\/p>\n<p>La tensi\u00f3n y conflictividad que presentan ciertos soportes territoriales marginales, donde las carencias infraestructurales, las controversias socio-econ\u00f3micas, as\u00ed como las necesidades constructivas y materiales que experimentan estos espacios, abre una interesante puerta de investigaci\u00f3n y desarrollo desde el urbanismo y los alcances de nuestra disciplina como visi\u00f3n integradora de la realidad y las diferentes propuestas de abordaje posibles.<\/p>\n<p>El presente trabajo se desarrolla a partir de la problem\u00e1tica de la expansi\u00f3n de la ciudad y la conformaci\u00f3n de espacios territoriales con caracter\u00edsticas de asentamientos irregulares, realizando una propuesta global para una zona predefinida de estudio. Se articula una propuesta compleja para la microzona la cual genera posibilidades de ser tomada como base en intervenciones territoriales de caracter\u00edsticas similares.<\/p>\n<p>El objetivo principal de \u00e9sta tesina es la investigaci\u00f3n y an\u00e1lisis de la incorporaci\u00f3n de un sistema de saneamiento ecol\u00f3gico en conjunto con estrategias de gesti\u00f3n, regularizaci\u00f3n, infraestructuras y servicios sobre una microzona predefinida, desarrollando las posibilidades de \u00e9stas como herramienta para re-calificar \u00e1reas marginales de la zona perif\u00e9rica de Montevideo. Para el abordaje de \u00e9sta amplia tem\u00e1tica, se realiza una revisi\u00f3n bibliogr\u00e1fica, elaborando un marco conceptual de referencia, con acercamiento a diferentes temas y posturas, en conjunto con la rese\u00f1a de ciertos antecedentes, a modo de ejemplo, de m\u00faltiples intervenciones de donde se extraen aspectos y consideraciones que resultan aplicables y relevantes para nuestra propuesta. Paralelamente se realiza una descripci\u00f3n de las principales caracter\u00edsticas del caso en estudio. El mismo se ubica en el extremo noreste de la zona perif\u00e9rica de Montevideo, en los bordes de la Ruta N\u00b0 8, en la zona denominada Villa Garc\u00eda. Se desarrolla el an\u00e1lisis y propuesta para el conjunto de cuatro asentamientos irregulares que por su cercan\u00eda espacial delimitan una microzona. Se define una metodolog\u00eda de an\u00e1lisis estructurada a partir de la realizaci\u00f3n de tres escenarios base con diferentes aspectos y niveles de abordaje y propuesta. Los escenarios condensan la informaci\u00f3n caracter\u00edstica y propositiva que se plantea sobre la microzona grafic\u00e1ndose mediante una cartograf\u00eda.<\/p>\n<p>El primer escenario refiere a las condiciones actuales de los asentamientos, las posibilidades relacionales y de movilidad de los mismos, as\u00ed como los puntos de tensi\u00f3n que se observan en el territorio. Confeccionando una gr\u00e1fica que involucra aspectos de lo f\u00edsico, geogr\u00e1fico, social y cultural caracterizando ampliamente los factores claves del soporte territorial. Esta base representa una s\u00f3lida y compleja herramienta para interpretar el territorio, posibilitando el desarrollo de estrategias de m\u00faltiples escalas y tem\u00e1ticas.<\/p>\n<p>El segundo escenario es de tipo propositivo, representa gr\u00e1ficamente el compendio de las propuestas desarrolladas desde la \u00f3rbita p\u00fablica para la microzona. Comprende las iniciativas previstas para la incorporaci\u00f3n de un sistema de saneamiento y drenaje dentro del marco del Plan Director de Saneamiento y Drenaje de Montevideo.<\/p>\n<p>El \u00faltimo escenario, tambi\u00e9n de car\u00e1cter propositivo, conjuga las diferentes propuestas consideradas por este equipo de trabajo, integrando estrategias de intervenci\u00f3n y acci\u00f3n de diversas escalas y tem\u00e1ticas. Considera una propuesta de saneamiento ecol\u00f3gico, de car\u00e1cter tentativo y a modo de anteproyecto, con incorporaci\u00f3n de gesti\u00f3n, regularizaci\u00f3n y soportes infraestructurales, sin descuidar los aspectos socio-culturales. Pretende ser una propuesta global de urbanismo.<\/p>\n<p>Se elabora un an\u00e1lisis FODA (Fortalezas, Oportunidades, Debilidades y Amenazas) sobre los escenarios propositivos, para una posterior toma de postura respecto a los aportes que la gesti\u00f3n integrada de saneamiento representa como instrumento de abordaje territorial y sus posibilidades dentro del urbanismo. A modo de reflexi\u00f3n final se considera la gesti\u00f3n territorial y las posibilidades de nuestra disciplina en el hacer ciudad.<\/p>\n<p><span style=\"color: #008080;\"><a style=\"color: #008080;\" href=\"http:\/\/www.aguasurbanas.ei.udelar.edu.uy\/wp-content\/uploads\/2016\/08\/ENTREGA-TESINA-ROLDAN-VIERA.pdf\" target=\"_blank\">link a tesina completa aqu\u00ed:<\/a><\/span><\/p>\n<h6><span style=\"color: #333333;\">Fotograf\u00eda portada: Paola Viera &#8211; Natalie Rold\u00e1n, FADU.<\/span><br \/>\nTesina: Paola Viera &#8211; Natalie Rold\u00e1n | Curso Agua y ciudad | Tutora: Adriana Piperno | A\u00f1o: 2012<\/h6>\n","protected":false},"excerpt":{"rendered":"<p>Tesina: Paola Viera &#8211; Natalie Rold\u00e1n | Curso Agua y ciudad | Tutora: Adriana Piperno | A\u00f1o: 2012<\/p>\n","protected":false},"author":1,"featured_media":2615,"comment_status":"open","ping_status":"open","sticky":false,"template":"","format":"standard","meta":{"_exactmetrics_skip_tracking":false,"_exactmetrics_sitenote_active":false,"_exactmetrics_sitenote_note":"","_exactmetrics_sitenote_category":0,"footnotes":""},"categories":[49],"tags":[84,60],"class_list":{"0":"post-2613","1":"post","2":"type-post","3":"status-publish","4":"format-standard","5":"has-post-thumbnail","7":"category-exploraciones","8":"tag-participacion","9":"tag-tesina","10":"czr-hentry"},"_links":{"self":[{"href":"https:\/\/aguasurbanas.ei.udelar.edu.uy\/index.php\/wp-json\/wp\/v2\/posts\/2613","targetHints":{"allow":["GET"]}}],"collection":[{"href":"https:\/\/aguasurbanas.ei.udelar.edu.uy\/index.php\/wp-json\/wp\/v2\/posts"}],"about":[{"href":"https:\/\/aguasurbanas.ei.udelar.edu.uy\/index.php\/wp-json\/wp\/v2\/types\/post"}],"author":[{"embeddable":true,"href":"https:\/\/aguasurbanas.ei.udelar.edu.uy\/index.php\/wp-json\/wp\/v2\/users\/1"}],"replies":[{"embeddable":true,"href":"https:\/\/aguasurbanas.ei.udelar.edu.uy\/index.php\/wp-json\/wp\/v2\/comments?post=2613"}],"version-history":[{"count":10,"href":"https:\/\/aguasurbanas.ei.udelar.edu.uy\/index.php\/wp-json\/wp\/v2\/posts\/2613\/revisions"}],"predecessor-version":[{"id":4140,"href":"https:\/\/aguasurbanas.ei.udelar.edu.uy\/index.php\/wp-json\/wp\/v2\/posts\/2613\/revisions\/4140"}],"wp:featuredmedia":[{"embeddable":true,"href":"https:\/\/aguasurbanas.ei.udelar.edu.uy\/index.php\/wp-json\/wp\/v2\/media\/2615"}],"wp:attachment":[{"href":"https:\/\/aguasurbanas.ei.udelar.edu.uy\/index.php\/wp-json\/wp\/v2\/media?parent=2613"}],"wp:term":[{"taxonomy":"category","embeddable":true,"href":"https:\/\/aguasurbanas.ei.udelar.edu.uy\/index.php\/wp-json\/wp\/v2\/categories?post=2613"},{"taxonomy":"post_tag","embeddable":true,"href":"https:\/\/aguasurbanas.ei.udelar.edu.uy\/index.php\/wp-json\/wp\/v2\/tags?post=2613"}],"curies":[{"name":"wp","href":"https:\/\/api.w.org\/{rel}","templated":true}]}}